{"id":58038,"date":"2023-09-10T19:41:27","date_gmt":"2023-09-10T19:41:27","guid":{"rendered":"http:\/\/elterritorialweb.com.ar\/web\/?p=58038"},"modified":"2023-09-10T19:42:55","modified_gmt":"2023-09-10T19:42:55","slug":"scaloni-confirmo-que-messi-viajara-a-bolivia","status":"publish","type":"post","link":"https:\/\/elterritorialweb.com.ar\/web\/scaloni-confirmo-que-messi-viajara-a-bolivia\/","title":{"rendered":"SCALONI CONFIRM\u00d3 QUE MESSI VIAJAR\u00c1 A BOLIVIA"},"content":{"rendered":"\n<p>Luego de\u00a0varias dudas, Lionel\u00a0<strong>Scaloni confirm\u00f3 que el capit\u00e1n Lionel Messi viajar\u00e1 esta tarde a La Paz para enfrentar a Bolivia,<\/strong>\u00a0por la segunda fecha de las Eliminatorias Sudamericanas para el Mundial 2026.<\/p>\n\n\n\n<p>La noticia la dio luego de que el capit\u00e1n argentino pidiera el cambio cerca del final del partido\u00a0ante Ecuador en el que Argentina gan\u00f3 1 a 0\u00a0y la situaci\u00f3n llam\u00f3 la atenci\u00f3n de todos. Es por ello que este s\u00e1bado,\u00a0<strong>el jugador de Inter Miami fue a un centro de diagn\u00f3stico por im\u00e1genes ubicado en pleno centro porte\u00f1o para hacerse estudios<\/strong>.<\/p>\n\n\n\n<p>En conferencia, Scaloni aclar\u00f3 que Messi finalmente viajar\u00e1 al pa\u00eds vecino m\u00e1s all\u00e1 de que durante el entrenamiento de esta ma\u00f1ana lo haya hecho de manera diferenciada. \u201c<strong>Messi va a viajar, hoy entren\u00f3 diferenciado, pero est\u00e1 en condiciones de viajar.<\/strong>&nbsp;Todav\u00eda faltan dos d\u00edas para el partido y tomaremos la decisi\u00f3n ma\u00f1ana o incluso el mismo martes sobre si juega\u201d, explic\u00f3 el nacido en Pujato.<\/p>\n\n\n\n<p>Al mismo tiempo, el t\u00e9cnico campe\u00f3n aclar\u00f3 que reci\u00e9n en los pr\u00f3ximos d\u00edas se confirmar\u00e1 si el capit\u00e1n argentino jugar\u00e1 en la altura \u201cdesde el inicio, despu\u00e9s o incluso no jugar\u201d. \u201c<strong>Ya es algo positivo que viaje, porque si no, yo como entrenador le hubiera dicho que vuelva a su club y se recupere para estar ah\u00ed<\/strong>\u201d, explic\u00f3 durante la conferencia de prensa en el predio de AFA, en Ezeiza.<\/p>\n\n\n\n<h3 class=\"wp-block-heading\">El equipo que planea Lionel Scaloni para el segundo partido por las Eliminatorias<\/h3>\n\n\n\n<p>Tras el debut con una victoria por la m\u00ednima diferencia gracias al\u00a0gol de tiro libre de Lionel Messi, Lionel Scaloni contar\u00e1 con el rosarino para viajar a Bolivia y el resto de la delegaci\u00f3n que convoc\u00f3 para esta doble fecha FIFA.<\/p>\n\n\n\n<p><strong>\u201cEl resto del plantel est\u00e1 bien, en principio no hay ning\u00fan inconveniente. Cuando lleguemos all\u00e1 y empecemos a adaptarnos un poquito, veremos\u201d<\/strong>, agreg\u00f3 y consultado por el probable once inicial sostuvo: \u201c<strong>El equipo lo tengo en la cabeza, ser\u00e1 parecido al del otro d\u00eda, siempre que no haya ninguna complicaci\u00f3n<\/strong>. Estamos contentos con el rendimiento, sabemos las condiciones de la altura, los cambios son importantes tambi\u00e9n\u201d.<\/p>\n\n\n\n<p>Respecto a las condiciones de la altura de m\u00e1s de 2.500 metros sobre el nivel del mar que presenta la sede del encuentro, Scaloni explic\u00f3 que estando en Argentina \u201cno se puede trabajar eso, se han probado un mont\u00f3n de cosas, pero ya sabemos los equipos que van ah\u00ed la dificultad que encuentran\u201d.<\/p>\n\n\n\n<p>\u201cNo quiero hablar mucho sobre el tema, porque no va a cambiar y se va a jugar siempre ah\u00ed. Est\u00e1 claro, es evidente la dificultad a\u00f1adida, pero bajo ning\u00fan concepto nos vamos a quejar, todos tienen que ir a jugar ah\u00ed y no se puede hacer mucho estando en el llano. Se trabaja un poco m\u00e1s otros aspectos, explicarle a los que nunca fueron con lo que se va a encontrar, pero si no est\u00e1s dentro de la cancha no te das cuenta, por m\u00e1s que lo expliques. Yo jugu\u00e9 ah\u00ed, antes de ir me mostraron un mont\u00f3n de cosas, pero cuando te toca jugar la sensaci\u00f3n es totalmente diferente\u201d, destac\u00f3.<\/p>\n","protected":false},"excerpt":{"rendered":"<p>El entrenador argentino asegur\u00f3 que el capit\u00e1n ser\u00e1 parte de la delegaci\u00f3n que en la tarde de este domingo, viajar\u00e1 al pa\u00eds vecino, m\u00e1s all\u00e1 de que esta ma\u00f1ana haya entrenado de manera diferenciada.<\/p>\n","protected":false},"author":2,"featured_media":58040,"comment_status":"open","ping_status":"open","sticky":false,"template":"","format":"standard","meta":{"om_disable_all_campaigns":false,"_monsterinsights_skip_tracking":false,"_monsterinsights_sitenote_active":false,"_monsterinsights_sitenote_note":"","_monsterinsights_sitenote_category":0,"_uf_show_specific_survey":0,"_uf_disable_surveys":false,"jetpack_post_was_ever_published":false,"_jetpack_newsletter_access":"","_jetpack_dont_email_post_to_subs":false,"_jetpack_newsletter_tier_id":0,"_jetpack_memberships_contains_paywalled_content":false,"_jetpack_memberships_contains_paid_content":false,"footnotes":"","jetpack_publicize_message":"","jetpack_publicize_feature_enabled":true,"jetpack_social_post_already_shared":false,"jetpack_social_options":{"image_generator_settings":{"template":"highway","default_image_id":0,"font":"","enabled":false},"version":2}},"categories":[6,4],"tags":[90,653,55],"class_list":["post-58038","post","type-post","status-publish","format-standard","has-post-thumbnail","hentry","category-deportes","category-destacadas","tag-lionel-messi","tag-lionel-scaloni","tag-seleccion-argentina-de-futbol"],"aioseo_notices":[],"views":10,"jetpack_publicize_connections":[],"jetpack_featured_media_url":"https:\/\/i0.wp.com\/elterritorialweb.com.ar\/web\/wp-content\/uploads\/2023\/09\/SCALONI.jpg?fit=680%2C453&ssl=1","jetpack_sharing_enabled":true,"_links":{"self":[{"href":"https:\/\/elterritorialweb.com.ar\/web\/wp-json\/wp\/v2\/posts\/58038","targetHints":{"allow":["GET"]}}],"collection":[{"href":"https:\/\/elterritorialweb.com.ar\/web\/wp-json\/wp\/v2\/posts"}],"about":[{"href":"https:\/\/elterritorialweb.com.ar\/web\/wp-json\/wp\/v2\/types\/post"}],"author":[{"embeddable":true,"href":"https:\/\/elterritorialweb.com.ar\/web\/wp-json\/wp\/v2\/users\/2"}],"replies":[{"embeddable":true,"href":"https:\/\/elterritorialweb.com.ar\/web\/wp-json\/wp\/v2\/comments?post=58038"}],"version-history":[{"count":1,"href":"https:\/\/elterritorialweb.com.ar\/web\/wp-json\/wp\/v2\/posts\/58038\/revisions"}],"predecessor-version":[{"id":58041,"href":"https:\/\/elterritorialweb.com.ar\/web\/wp-json\/wp\/v2\/posts\/58038\/revisions\/58041"}],"wp:featuredmedia":[{"embeddable":true,"href":"https:\/\/elterritorialweb.com.ar\/web\/wp-json\/wp\/v2\/media\/58040"}],"wp:attachment":[{"href":"https:\/\/elterritorialweb.com.ar\/web\/wp-json\/wp\/v2\/media?parent=58038"}],"wp:term":[{"taxonomy":"category","embeddable":true,"href":"https:\/\/elterritorialweb.com.ar\/web\/wp-json\/wp\/v2\/categories?post=58038"},{"taxonomy":"post_tag","embeddable":true,"href":"https:\/\/elterritorialweb.com.ar\/web\/wp-json\/wp\/v2\/tags?post=58038"}],"curies":[{"name":"wp","href":"https:\/\/api.w.org\/{rel}","templated":true}]}}