{"id":58042,"date":"2023-09-10T23:01:02","date_gmt":"2023-09-10T23:01:02","guid":{"rendered":"http:\/\/elterritorialweb.com.ar\/web\/?p=58042"},"modified":"2023-09-10T23:01:06","modified_gmt":"2023-09-10T23:01:06","slug":"convocan-a-la-pre-seleccion-de-la-representante-provincial-de-los-estudiantes-2023","status":"publish","type":"post","link":"https:\/\/elterritorialweb.com.ar\/web\/convocan-a-la-pre-seleccion-de-la-representante-provincial-de-los-estudiantes-2023\/","title":{"rendered":"CONVOCAN A LA PRE SELECCI\u00d3N DE LA REPRESENTANTE PROVINCIAL DE LOS ESTUDIANTES 2023"},"content":{"rendered":"\n<p>El 14 de septiembre se realizar\u00e1 en el Paraninfo de la Universidad Nacional de Santiago del Estero la Pre Selecci\u00f3n de la Representante Provincial de los Estudiantes 2023, organizado por la Direcci\u00f3n General de la Juventud de la provincia, dependiente de la Jefatura de Gabinete de Ministros, que convoc\u00f3 a participar a las j\u00f3venes electas en los colegios de toda la provincia.<br>En esta gala ser\u00e1 elegida la joven que representar\u00e1 a Santiago del Estero en la Fiesta Nacional de los Estudiantes, el 29 de septiembre en la ciudad de San Salvador de Jujuy.<\/p>\n\n\n\n<figure class=\"wp-block-image size-large\"><a href=\"https:\/\/i0.wp.com\/elterritorialweb.com.ar\/web\/wp-content\/uploads\/2023\/09\/IMG-20230910-WA0011.jpg\"><img data-recalc-dims=\"1\" decoding=\"async\" width=\"640\" height=\"426\" data-src=\"https:\/\/i0.wp.com\/elterritorialweb.com.ar\/web\/wp-content\/uploads\/2023\/09\/IMG-20230910-WA0011.jpg?resize=640%2C426\" alt=\"\" class=\"wp-image-58044 lazyload\" data-srcset=\"https:\/\/i0.wp.com\/elterritorialweb.com.ar\/web\/wp-content\/uploads\/2023\/09\/IMG-20230910-WA0011.jpg?resize=1024%2C682&amp;ssl=1 1024w, https:\/\/i0.wp.com\/elterritorialweb.com.ar\/web\/wp-content\/uploads\/2023\/09\/IMG-20230910-WA0011.jpg?resize=300%2C200&amp;ssl=1 300w, https:\/\/i0.wp.com\/elterritorialweb.com.ar\/web\/wp-content\/uploads\/2023\/09\/IMG-20230910-WA0011.jpg?resize=768%2C512&amp;ssl=1 768w, https:\/\/i0.wp.com\/elterritorialweb.com.ar\/web\/wp-content\/uploads\/2023\/09\/IMG-20230910-WA0011.jpg?resize=1536%2C1023&amp;ssl=1 1536w, https:\/\/i0.wp.com\/elterritorialweb.com.ar\/web\/wp-content\/uploads\/2023\/09\/IMG-20230910-WA0011.jpg?w=1600&amp;ssl=1 1600w, https:\/\/i0.wp.com\/elterritorialweb.com.ar\/web\/wp-content\/uploads\/2023\/09\/IMG-20230910-WA0011.jpg?w=1280 1280w\" data-sizes=\"(max-width: 640px) 100vw, 640px\" src=\"data:image\/svg+xml;base64,PHN2ZyB3aWR0aD0iMSIgaGVpZ2h0PSIxIiB4bWxucz0iaHR0cDovL3d3dy53My5vcmcvMjAwMC9zdmciPjwvc3ZnPg==\" style=\"--smush-placeholder-width: 640px; --smush-placeholder-aspect-ratio: 640\/426;\" \/><\/a><\/figure>\n\n\n\n<p>El anuncio fue realizado este viernes en el Sal\u00f3n Auditorio de Casa de Gobierno, a cargo del subsecretario de Turismo, Nelson Bravo; el director general de Juventud, Ariel Zorribas; la presidente del Consejo de Educaci\u00f3n, Mar\u00eda Elena Herrera; la directora de Nivel Secundario, Rosa Unza\u00edn, y la actual representante provincial de los estudiantes, Fernanda Escobar.<br>El director de la juventud destac\u00f3 la presencia del prestigioso jurado compuesto por las modelos Virginia Gallardo, Alejandra Maglietti y Hern\u00e1n Drago junto a los dise\u00f1adores locales Luis Guerra y Jimena Gorrieri Pav\u00f3n en el evento de Las Termas de Rio Hondo. <br>A su turno, Nelson Bravo dijo que esta propuesta se suma a una nutrida agenda de actividades que se desarrollar\u00e1 en el mes del cumplea\u00f1os de Las Termas y pr\u00f3ximo al D\u00eda Internacional del Turismo, el 27 de septiembre.<\/p>\n\n\n\n<figure class=\"wp-block-image size-large\"><a href=\"https:\/\/i0.wp.com\/elterritorialweb.com.ar\/web\/wp-content\/uploads\/2023\/09\/IMG-20230910-WA0010.jpg\"><img data-recalc-dims=\"1\" decoding=\"async\" width=\"640\" height=\"426\" data-src=\"https:\/\/i0.wp.com\/elterritorialweb.com.ar\/web\/wp-content\/uploads\/2023\/09\/IMG-20230910-WA0010.jpg?resize=640%2C426\" alt=\"\" class=\"wp-image-58045 lazyload\" data-srcset=\"https:\/\/i0.wp.com\/elterritorialweb.com.ar\/web\/wp-content\/uploads\/2023\/09\/IMG-20230910-WA0010.jpg?resize=1024%2C682&amp;ssl=1 1024w, https:\/\/i0.wp.com\/elterritorialweb.com.ar\/web\/wp-content\/uploads\/2023\/09\/IMG-20230910-WA0010.jpg?resize=300%2C200&amp;ssl=1 300w, https:\/\/i0.wp.com\/elterritorialweb.com.ar\/web\/wp-content\/uploads\/2023\/09\/IMG-20230910-WA0010.jpg?resize=768%2C512&amp;ssl=1 768w, https:\/\/i0.wp.com\/elterritorialweb.com.ar\/web\/wp-content\/uploads\/2023\/09\/IMG-20230910-WA0010.jpg?resize=1536%2C1023&amp;ssl=1 1536w, https:\/\/i0.wp.com\/elterritorialweb.com.ar\/web\/wp-content\/uploads\/2023\/09\/IMG-20230910-WA0010.jpg?w=1600&amp;ssl=1 1600w, https:\/\/i0.wp.com\/elterritorialweb.com.ar\/web\/wp-content\/uploads\/2023\/09\/IMG-20230910-WA0010.jpg?w=1280 1280w\" data-sizes=\"(max-width: 640px) 100vw, 640px\" src=\"data:image\/svg+xml;base64,PHN2ZyB3aWR0aD0iMSIgaGVpZ2h0PSIxIiB4bWxucz0iaHR0cDovL3d3dy53My5vcmcvMjAwMC9zdmciPjwvc3ZnPg==\" style=\"--smush-placeholder-width: 640px; --smush-placeholder-aspect-ratio: 640\/426;\" \/><\/a><\/figure>\n\n\n\n<p>Por su parte, la presidenta del Consejo de Educaci\u00f3n resalt\u00f3: \u201cComo sistema educativo es importante acompa\u00f1ar a los estudiantes festejar esta etapa, rescatando los valores y recordar un d\u00eda muy especial por todo lo que representa un estudiante. Queremos llevar esta propuesta a todos los puntos de la provincia, queremos que todas las instituciones p\u00fablicas puedan participar y que nuestros docentes puedan acompa\u00f1ar, para nosotros es un orgullo que la \u00faltima representante electa sea de una escuela p\u00fablica, tambi\u00e9n hacemos extensiva la invitaci\u00f3n a todas las escuelas de gesti\u00f3n privada\u201d.<br>Finalmente, Fernanda Escobar, oriunda de la localidad de Pampa Muyoj, departamento Capital, cont\u00f3 su experiencia como representante y alent\u00f3 a que todas las j\u00f3venes se animen a participar y disfruten de esta experiencia.<\/p>\n","protected":false},"excerpt":{"rendered":"<p>En dicho evento quedar\u00e1n 24 j\u00f3venes que luego participar\u00e1n de la velada a desarrollarse el 16 de septiembre en la explanada del Casino de Las Termas de R\u00edo Hondo. <\/p>\n","protected":false},"author":2,"featured_media":58043,"comment_status":"open","ping_status":"open","sticky":false,"template":"","format":"standard","meta":{"om_disable_all_campaigns":false,"_monsterinsights_skip_tracking":false,"_monsterinsights_sitenote_active":false,"_monsterinsights_sitenote_note":"","_monsterinsights_sitenote_category":0,"_uf_show_specific_survey":0,"_uf_disable_surveys":false,"jetpack_post_was_ever_published":false,"_jetpack_newsletter_access":"","_jetpack_dont_email_post_to_subs":false,"_jetpack_newsletter_tier_id":0,"_jetpack_memberships_contains_paywalled_content":false,"_jetpack_memberships_contains_paid_content":false,"footnotes":"","jetpack_publicize_message":"","jetpack_publicize_feature_enabled":true,"jetpack_social_post_already_shared":false,"jetpack_social_options":{"image_generator_settings":{"template":"highway","default_image_id":0,"font":"","enabled":false},"version":2}},"categories":[21],"tags":[],"class_list":["post-58042","post","type-post","status-publish","format-standard","has-post-thumbnail","hentry","category-locales"],"aioseo_notices":[],"views":14,"jetpack_publicize_connections":[],"jetpack_featured_media_url":"https:\/\/i0.wp.com\/elterritorialweb.com.ar\/web\/wp-content\/uploads\/2023\/09\/IMG-20230910-WA0012.jpg?fit=1600%2C1066&ssl=1","jetpack_sharing_enabled":true,"_links":{"self":[{"href":"https:\/\/elterritorialweb.com.ar\/web\/wp-json\/wp\/v2\/posts\/58042","targetHints":{"allow":["GET"]}}],"collection":[{"href":"https:\/\/elterritorialweb.com.ar\/web\/wp-json\/wp\/v2\/posts"}],"about":[{"href":"https:\/\/elterritorialweb.com.ar\/web\/wp-json\/wp\/v2\/types\/post"}],"author":[{"embeddable":true,"href":"https:\/\/elterritorialweb.com.ar\/web\/wp-json\/wp\/v2\/users\/2"}],"replies":[{"embeddable":true,"href":"https:\/\/elterritorialweb.com.ar\/web\/wp-json\/wp\/v2\/comments?post=58042"}],"version-history":[{"count":1,"href":"https:\/\/elterritorialweb.com.ar\/web\/wp-json\/wp\/v2\/posts\/58042\/revisions"}],"predecessor-version":[{"id":58046,"href":"https:\/\/elterritorialweb.com.ar\/web\/wp-json\/wp\/v2\/posts\/58042\/revisions\/58046"}],"wp:featuredmedia":[{"embeddable":true,"href":"https:\/\/elterritorialweb.com.ar\/web\/wp-json\/wp\/v2\/media\/58043"}],"wp:attachment":[{"href":"https:\/\/elterritorialweb.com.ar\/web\/wp-json\/wp\/v2\/media?parent=58042"}],"wp:term":[{"taxonomy":"category","embeddable":true,"href":"https:\/\/elterritorialweb.com.ar\/web\/wp-json\/wp\/v2\/categories?post=58042"},{"taxonomy":"post_tag","embeddable":true,"href":"https:\/\/elterritorialweb.com.ar\/web\/wp-json\/wp\/v2\/tags?post=58042"}],"curies":[{"name":"wp","href":"https:\/\/api.w.org\/{rel}","templated":true}]}}