{"id":64104,"date":"2024-03-05T03:32:57","date_gmt":"2024-03-05T03:32:57","guid":{"rendered":"http:\/\/elterritorialweb.com.ar\/web\/?p=64104"},"modified":"2024-03-05T03:33:37","modified_gmt":"2024-03-05T03:33:37","slug":"adorni-esta-semana-se-conocera-el-destino-de-los-empledos-de-telam","status":"publish","type":"post","link":"https:\/\/elterritorialweb.com.ar\/web\/adorni-esta-semana-se-conocera-el-destino-de-los-empledos-de-telam\/","title":{"rendered":"ADORNI: \u00abESTA SEMANA SE CONOCERA EL DESTINO DE LOS EMPLEADOS DE TELAM\u00bb"},"content":{"rendered":"\n<p>Durante la habitual conferencia de prensa diaria, el vocero presidencial,\u00a0<strong>Manuel Adorni, habl\u00f3 sobre el cierre de la Agencia de Noticias T\u00e9lam<\/strong>, que amaneci\u00f3 con el edificio vallado y se le dio de baja al sitio web.<\/p>\n\n\n\n<p>Durante la apertura de las sesiones legislativas, el presidente Javier Milei hab\u00eda anticipado el cierre definitivo de la agencia y finalmente se llev\u00f3 a cabo este lunes luego que los empleados recibieran un mail anunciando que fueron \u201cdispensados\u201d de sus funciones por un plazo de siete d\u00edas y no pueden ingresar a cumplir con sus tareas.<\/p>\n\n\n\n<p>\u201c<strong>Se envi\u00f3 un comunicado interno a todo el personal eximi\u00e9ndolo de prestar servicios por 7 d\u00edas, con goce de sueldo<\/strong>, mientras se avanza con el plan acerca del cierre de la agencia estatal\u201d, explic\u00f3 y agreg\u00f3:&nbsp;<strong>\u201cEsta semana se va a conocer el plan que est\u00e1 dise\u00f1ando el Gobierno para el cierre y el destino de los empleados\u201d.<\/strong><\/p>\n\n\n\n<p>Al mismo tiempo, luego que uno de los periodistas presentes leyera un comunicado de los trabajadores acreditados de Casa Rosa solidariz\u00e1ndose con sus colegas de la agencia, Adorni explic\u00f3 que&nbsp;<strong>\u201ceste a\u00f1o T\u00e9lam ten\u00eda p\u00e9rdidas estimadas en $20 mil millones\u201d.<\/strong><\/p>\n\n\n\n<p>\u201cLo que ocurre no es m\u00e1s ni menos lo que hab\u00eda prometido el presidente durante la campa\u00f1a. Esto no tiene nada que ver ni con el plurarismo de la informaci\u00f3n o de los medios y no tiene nada que ver con cuestiones que tengan que ver con la libertad de prensa\u201d, agreg\u00f3.<\/p>\n\n\n\n<p>Por otra parte, despejando las dudas sobre un cierre total de la agencia, Adorni explic\u00f3 que el cartel de \u201cp\u00e1gina en reconstrucci\u00f3n\u201d que aparece en el sitio web\u00a0<strong>\u201ces parte de una reestructuraci\u00f3n que se est\u00e1 haciendo con el sitio web, pr\u00f3ximamente va a volver a estar en l\u00ednea\u201d.<\/strong><\/p>\n\n\n\n<figure class=\"wp-block-embed is-type-rich is-provider-twitter wp-block-embed-twitter\"><div class=\"wp-block-embed__wrapper\">\n<blockquote class=\"twitter-tweet\" data-width=\"550\" data-dnt=\"true\"><p lang=\"es\" dir=\"ltr\">El cierre de T\u00e9lam no es ni m\u00e1s ni menos que lo que el Presidente Javier Milei hab\u00eda prometido en campa\u00f1a. <a href=\"https:\/\/t.co\/DqmMUGSWuG\">pic.twitter.com\/DqmMUGSWuG<\/a><\/p>&mdash; Vocer\u00eda Presidencial (@Voceria_Ar) <a href=\"https:\/\/twitter.com\/Voceria_Ar\/status\/1764746857580769571?ref_src=twsrc%5Etfw\">March 4, 2024<\/a><\/blockquote><script async src=\"https:\/\/platform.twitter.com\/widgets.js\" charset=\"utf-8\"><\/script>\n<\/div><\/figure>\n","protected":false},"excerpt":{"rendered":"<p>El vocero presidencial, Manuel Adorni, descart\u00f3 que el cierre de la agencia de noticias afecte la libertad de expresi\u00f3n y lo justific\u00f3 en p\u00e9rdidas por \u00ab20 mil millones de pesos\u00bb. \u00abEs lo que el Presidente hab\u00eda prometido\u00bb, subray\u00f3.<\/p>\n","protected":false},"author":2,"featured_media":64105,"comment_status":"open","ping_status":"open","sticky":false,"template":"","format":"standard","meta":{"om_disable_all_campaigns":false,"_monsterinsights_skip_tracking":false,"_monsterinsights_sitenote_active":false,"_monsterinsights_sitenote_note":"","_monsterinsights_sitenote_category":0,"_uf_show_specific_survey":0,"_uf_disable_surveys":false,"jetpack_post_was_ever_published":false,"_jetpack_newsletter_access":"","_jetpack_dont_email_post_to_subs":false,"_jetpack_newsletter_tier_id":0,"_jetpack_memberships_contains_paywalled_content":false,"_jetpack_memberships_contains_paid_content":false,"footnotes":"","jetpack_publicize_message":"","jetpack_publicize_feature_enabled":true,"jetpack_social_post_already_shared":true,"jetpack_social_options":{"image_generator_settings":{"template":"highway","default_image_id":0,"font":"","enabled":false},"version":2}},"categories":[4,7],"tags":[939,92,687,830],"class_list":["post-64104","post","type-post","status-publish","format-standard","has-post-thumbnail","hentry","category-destacadas","category-nacionales","tag-agencia-de-noticias-telam","tag-javier-milei","tag-la-libertad-avanza","tag-manuel-adorni"],"aioseo_notices":[],"views":18,"jetpack_publicize_connections":[],"jetpack_featured_media_url":"https:\/\/i0.wp.com\/elterritorialweb.com.ar\/web\/wp-content\/uploads\/2024\/03\/MANUEL-ADORNI-e1709609566412.jpg?fit=537%2C406&ssl=1","jetpack_sharing_enabled":true,"_links":{"self":[{"href":"https:\/\/elterritorialweb.com.ar\/web\/wp-json\/wp\/v2\/posts\/64104","targetHints":{"allow":["GET"]}}],"collection":[{"href":"https:\/\/elterritorialweb.com.ar\/web\/wp-json\/wp\/v2\/posts"}],"about":[{"href":"https:\/\/elterritorialweb.com.ar\/web\/wp-json\/wp\/v2\/types\/post"}],"author":[{"embeddable":true,"href":"https:\/\/elterritorialweb.com.ar\/web\/wp-json\/wp\/v2\/users\/2"}],"replies":[{"embeddable":true,"href":"https:\/\/elterritorialweb.com.ar\/web\/wp-json\/wp\/v2\/comments?post=64104"}],"version-history":[{"count":2,"href":"https:\/\/elterritorialweb.com.ar\/web\/wp-json\/wp\/v2\/posts\/64104\/revisions"}],"predecessor-version":[{"id":64107,"href":"https:\/\/elterritorialweb.com.ar\/web\/wp-json\/wp\/v2\/posts\/64104\/revisions\/64107"}],"wp:featuredmedia":[{"embeddable":true,"href":"https:\/\/elterritorialweb.com.ar\/web\/wp-json\/wp\/v2\/media\/64105"}],"wp:attachment":[{"href":"https:\/\/elterritorialweb.com.ar\/web\/wp-json\/wp\/v2\/media?parent=64104"}],"wp:term":[{"taxonomy":"category","embeddable":true,"href":"https:\/\/elterritorialweb.com.ar\/web\/wp-json\/wp\/v2\/categories?post=64104"},{"taxonomy":"post_tag","embeddable":true,"href":"https:\/\/elterritorialweb.com.ar\/web\/wp-json\/wp\/v2\/tags?post=64104"}],"curies":[{"name":"wp","href":"https:\/\/api.w.org\/{rel}","templated":true}]}}