{"id":64108,"date":"2024-03-05T03:46:13","date_gmt":"2024-03-05T03:46:13","guid":{"rendered":"http:\/\/elterritorialweb.com.ar\/web\/?p=64108"},"modified":"2024-03-05T03:46:35","modified_gmt":"2024-03-05T03:46:35","slug":"kicillof-critico-el-ajuste-milei-debera-aprender-a-convivir-con-gobernadores","status":"publish","type":"post","link":"https:\/\/elterritorialweb.com.ar\/web\/kicillof-critico-el-ajuste-milei-debera-aprender-a-convivir-con-gobernadores\/","title":{"rendered":"KICILLOF CRITIC\u00d3 EL AJUSTE: \u00abMILEI DEBER\u00c1 APRENDER A CONVIVIR CON GOBERNADORES\u00bb"},"content":{"rendered":"\n<p>El gobernador de la provincia de Buenos Aires,\u00a0<strong>Axel Kicillof<\/strong>, critic\u00f3 el ajuste del Gobierno nacional y expres\u00f3 que el presidente\u00a0<strong>Javier Milei<\/strong>\u00a0debe aprender a convivir con los gobernadores.<\/p>\n\n\n\n<p>En la apertura de sesiones en la legislatura bonaerense, el gobernador asever\u00f3 que en la provincia se vive un hecho in\u00e9dito dado que \u00e9l obtuvo la reelecci\u00f3n pero a nivel nacional gan\u00f3 un Presidente que est\u00e1 a las ant\u00edpodas de su proyecto. No obstante, manifest\u00f3 que el Presidente&nbsp;<strong>\u00abdeber\u00e1 aprender a convivir con gobernadores\u00bb<\/strong>&nbsp;que fueron elegidos a trav\u00e9s de los mismos mecanismos que lo llevaron a la Casa Rosada.<\/p>\n\n\n\n<p>\u00abAunque le cueste debe comprenderlo: la democracia se trata de respetarnos mutuamente y cumplir con la constituci\u00f3n, con las responsabilidades de cada uno y con las leyes.&nbsp;<strong>No se trata de apretar, extorsionar, fundir, amenazar, insultar y agredir a quienes no est\u00e1n de acuerdo con sus ideas o proyectos\u00bb<\/strong>, exclam\u00f3 Kicillof.<\/p>\n\n\n\n<p>\u00abLa democracia no es un teorema, no es el Teorema de Arrow ni se explica con el dilema del prisionero; l<strong>a democracia es el contrato social que recuperamos hace 40 a\u00f1os&nbsp;<\/strong>y volvimos a elegir para perseguir el bienestar general respetando las diferencias y procesando los conflictos de manera pac\u00edfica. Y con memoria, verdad y justicia\u00bb, agreg\u00f3 el gobernador quien agradeci\u00f3 a las&nbsp;<strong>Madres y Abuelas de Plaza de Mayo<\/strong>&nbsp;presentes en el recinto y proclam\u00f3&nbsp;<strong>\u00ab\u00a130.000 detenidos desaparecidos presentes, ahora y siempre!\u00bb.<\/strong><\/p>\n\n\n\n<p>Kicillof consider\u00f2 que en los casi tres meses de gobierno de La Libertad Avanza fue quedando&nbsp;<strong>\u00abdolorosamente en evidencia que las propuestas y valores que ganaron no conducen ni a una mejor sociedad ni a una mejor econom\u00eda,&nbsp;<\/strong>ni conduce a mayor alivio ni a m\u00e1s crecimiento y bienestar\u00bb.<\/p>\n\n\n\n<p>\u00abVuelvo a decirlo con la esperanza de que nos escuchen:<strong>&nbsp;el recorte, el ajuste s\u00f3lo producen un resultado: dolor, desintegraci\u00f3n, frustraci\u00f3n, desigualdad, precariedad.&nbsp;<\/strong>Nunca un ajuste es inevitable, jam\u00e1s el dolor y el sufrimiento de los que ya sufren es el remedio para nuestros problemas. Nuestro pueblo ya hizo demasiados sacrificios\u00bb, puntualiz\u00f3.<\/p>\n\n\n\n<p>Acto seguido, el gobernador bonaerense sostuvo que Milei minti\u00f3 en campa\u00f1a porque \u00abrepiti\u00f3 hasta el cansancio\u00bb que el ajuste no lo iban a pagar los trabajadores, la clase media o los m\u00e1s vulnerables. \u00abLa mentira est\u00e1 a la vista: las medidas que tom\u00f3 desde el primer d\u00eda de gobierno, las que contiene el ilegal DNU, da\u00f1inamente vigente, y las que propon\u00eda en la Ley \u00d3mnibus dejaron en evidencia que<strong>&nbsp;los \u00fanicos perjudicados son las pymes, los trabajadores y los que menos tienen\u00bb<\/strong>, indic\u00f3.<\/p>\n\n\n\n<p>Tambi\u00e9n denunci\u00f3 que el Presidente minti\u00f3 sobre su relaci\u00f3n con la \u201ccasta\u201d ya que en campa\u00f1a \u00abrepiti\u00f3 mil veces\u00bb la frase \u201cuna argentina distinta es imposible con los mismos de siempre\u201d pero conform\u00f3 su gabinete con funcionarios que&nbsp;<strong>\u00abconsideraba fracasados\u00bb.<\/strong><\/p>\n\n\n\n<p><strong>\u00abToto Caputo<\/strong>, ministro de Macri, endeudador serial, campe\u00f3n de la fuga, echado por el FMI. En&nbsp;<strong>seguridad y defensa<\/strong>&nbsp;tiene a los candidatos a presidenta y vice del macrismo, a los que no par\u00f3 de agredir y descalificar durante su campa\u00f1a. Y el famoso DNU ilegal y la ca\u00edda Ley \u00d3mnibus fueron elaborados por&nbsp;<strong>Federico Sturzenegger<\/strong>, elenco estable junto con Cavallo de los noventa, de De la R\u00faa y de Macri. \u00bfEstos son los nuevos funcionarios que prometi\u00f3?\u00bb, pregunt\u00f3.<\/p>\n\n\n\n<p>\u00abPor eso decimos que, pese a sus<strong>&nbsp;discursos violentos, pese a los trolls de las redes, y a la pirotecnia de agresiones e insultos<\/strong>, muchos de los votantes de Milei perciben que fueron traicionados: el ajuste es para ellos, es para todos y el gobierno est\u00e1 lleno de los mismos de siempre, los mismos que fundieron varias veces al pa\u00eds\u00bb, complet\u00f3.<\/p>\n","protected":false},"excerpt":{"rendered":"<p>\u00abLos problemas no se solucionan con motosierra ni con ajuste\u00bb, expres\u00f3 el gobernador de la provincia de Buenos Aires en la apertura de sesiones en la legislatura bonaerense.<\/p>\n","protected":false},"author":2,"featured_media":64109,"comment_status":"open","ping_status":"open","sticky":false,"template":"","format":"standard","meta":{"om_disable_all_campaigns":false,"_monsterinsights_skip_tracking":false,"_monsterinsights_sitenote_active":false,"_monsterinsights_sitenote_note":"","_monsterinsights_sitenote_category":0,"_uf_show_specific_survey":0,"_uf_disable_surveys":false,"jetpack_post_was_ever_published":false,"_jetpack_newsletter_access":"","_jetpack_dont_email_post_to_subs":false,"_jetpack_newsletter_tier_id":0,"_jetpack_memberships_contains_paywalled_content":false,"_jetpack_memberships_contains_paid_content":false,"footnotes":"","jetpack_publicize_message":"","jetpack_publicize_feature_enabled":true,"jetpack_social_post_already_shared":true,"jetpack_social_options":{"image_generator_settings":{"template":"highway","default_image_id":0,"font":"","enabled":false},"version":2}},"categories":[4,7],"tags":[98],"class_list":["post-64108","post","type-post","status-publish","format-standard","has-post-thumbnail","hentry","category-destacadas","category-nacionales","tag-axel-kicillof"],"aioseo_notices":[],"views":19,"jetpack_publicize_connections":[],"jetpack_featured_media_url":"https:\/\/i0.wp.com\/elterritorialweb.com.ar\/web\/wp-content\/uploads\/2024\/03\/image-1.png?fit=880%2C586&ssl=1","jetpack_sharing_enabled":true,"_links":{"self":[{"href":"https:\/\/elterritorialweb.com.ar\/web\/wp-json\/wp\/v2\/posts\/64108","targetHints":{"allow":["GET"]}}],"collection":[{"href":"https:\/\/elterritorialweb.com.ar\/web\/wp-json\/wp\/v2\/posts"}],"about":[{"href":"https:\/\/elterritorialweb.com.ar\/web\/wp-json\/wp\/v2\/types\/post"}],"author":[{"embeddable":true,"href":"https:\/\/elterritorialweb.com.ar\/web\/wp-json\/wp\/v2\/users\/2"}],"replies":[{"embeddable":true,"href":"https:\/\/elterritorialweb.com.ar\/web\/wp-json\/wp\/v2\/comments?post=64108"}],"version-history":[{"count":1,"href":"https:\/\/elterritorialweb.com.ar\/web\/wp-json\/wp\/v2\/posts\/64108\/revisions"}],"predecessor-version":[{"id":64110,"href":"https:\/\/elterritorialweb.com.ar\/web\/wp-json\/wp\/v2\/posts\/64108\/revisions\/64110"}],"wp:featuredmedia":[{"embeddable":true,"href":"https:\/\/elterritorialweb.com.ar\/web\/wp-json\/wp\/v2\/media\/64109"}],"wp:attachment":[{"href":"https:\/\/elterritorialweb.com.ar\/web\/wp-json\/wp\/v2\/media?parent=64108"}],"wp:term":[{"taxonomy":"category","embeddable":true,"href":"https:\/\/elterritorialweb.com.ar\/web\/wp-json\/wp\/v2\/categories?post=64108"},{"taxonomy":"post_tag","embeddable":true,"href":"https:\/\/elterritorialweb.com.ar\/web\/wp-json\/wp\/v2\/tags?post=64108"}],"curies":[{"name":"wp","href":"https:\/\/api.w.org\/{rel}","templated":true}]}}