{"id":64111,"date":"2024-03-05T03:56:05","date_gmt":"2024-03-05T03:56:05","guid":{"rendered":"http:\/\/elterritorialweb.com.ar\/web\/?p=64111"},"modified":"2024-03-05T03:56:07","modified_gmt":"2024-03-05T03:56:07","slug":"el-gobierno-convoco-a-gobernadores-para-el-viernes-8-de-marzo","status":"publish","type":"post","link":"https:\/\/elterritorialweb.com.ar\/web\/el-gobierno-convoco-a-gobernadores-para-el-viernes-8-de-marzo\/","title":{"rendered":"EL GOBIERNO CONVOC\u00d3 A GOBERNADORES PARA EL VIERNES 8 DE MARZO"},"content":{"rendered":"\n<p><strong>El Gobierno convoc\u00f3 a los gobernadores de las provincias a una reuni\u00f3n<\/strong>, que se llevar\u00e1 a cabo\u00a0<strong>este viernes en Casa Rosada<\/strong>, para avanzar en\u00a0el contenido del\u00a0<strong>Pacto de Mayo<\/strong>, que est\u00e1 pautado para el 25 de mayo en C\u00f3rdoba.<\/p>\n\n\n\n<p><strong>\u00abLa Oficina del Presidente informa que se convocar\u00e1 a los gobernadores este viernes 8 de marzo a Casa Rosada a fin de establecer los pasos a seguir para la firma del Pacto de Mayo\u00bb<\/strong>, anunci\u00f3 el Gobierno a trav\u00e9s de un comunicado de prensa.<\/p>\n\n\n\n<p>En la misma l\u00ednea, la gesti\u00f3n libertaria asegur\u00f3 que \u00ab<strong>el Gobierno Nacional sostiene su compromiso de di\u00e1logo con los 23 gobernadores y el Jefe de Gobierno de la Ciudad Aut\u00f3noma de Buenos Aires<\/strong>&nbsp;en busca de los acuerdos necesarios para abandonar las recetas de fracaso y retomar la senda de prosperidad, el crecimiento y el desarrollo de nuestra Patria\u00bb.<\/p>\n\n\n\n<p>El llamado a los mandatarios provinciales se defini\u00f3 tras una reuni\u00f3n entre el jefe de Gabinete,&nbsp;<strong>Nicol\u00e1s Posse<\/strong>, el ministro de Econom\u00eda,&nbsp;<strong>Luis Caputo<\/strong>, y el ministro de Interior,&nbsp;<strong>Guillermo Francos<\/strong>. En la misma se resolvi\u00f3 el c\u00f3nclave para el viernes y, adem\u00e1s, habr\u00e1 otro el mi\u00e9rcoles con los ministros de Econom\u00eda.<\/p>\n\n\n\n<h3 class=\"wp-block-heading\">El comunicado de la Oficina del Presidente Javier Milei<\/h3>\n\n\n\n<figure class=\"wp-block-image size-full\"><a href=\"https:\/\/i0.wp.com\/elterritorialweb.com.ar\/web\/wp-content\/uploads\/2024\/03\/image-2.png\"><img data-recalc-dims=\"1\" decoding=\"async\" width=\"640\" height=\"640\" data-src=\"https:\/\/i0.wp.com\/elterritorialweb.com.ar\/web\/wp-content\/uploads\/2024\/03\/image-2.png?resize=640%2C640\" alt=\"\" class=\"wp-image-64112 lazyload\" data-srcset=\"https:\/\/i0.wp.com\/elterritorialweb.com.ar\/web\/wp-content\/uploads\/2024\/03\/image-2.png?w=790&amp;ssl=1 790w, https:\/\/i0.wp.com\/elterritorialweb.com.ar\/web\/wp-content\/uploads\/2024\/03\/image-2.png?resize=300%2C300&amp;ssl=1 300w, https:\/\/i0.wp.com\/elterritorialweb.com.ar\/web\/wp-content\/uploads\/2024\/03\/image-2.png?resize=150%2C150&amp;ssl=1 150w, https:\/\/i0.wp.com\/elterritorialweb.com.ar\/web\/wp-content\/uploads\/2024\/03\/image-2.png?resize=768%2C768&amp;ssl=1 768w\" data-sizes=\"(max-width: 640px) 100vw, 640px\" src=\"data:image\/svg+xml;base64,PHN2ZyB3aWR0aD0iMSIgaGVpZ2h0PSIxIiB4bWxucz0iaHR0cDovL3d3dy53My5vcmcvMjAwMC9zdmciPjwvc3ZnPg==\" style=\"--smush-placeholder-width: 640px; --smush-placeholder-aspect-ratio: 640\/640;\" \/><\/a><\/figure>\n\n\n\n<h2 class=\"wp-block-heading\">Cu\u00e1les son los 10 puntos del Pacto de Mayo<\/h2>\n\n\n\n<p>\u00abEstas ideas, que son las bases del progreso de cualquier naci\u00f3n, podr\u00e1n sentar las condiciones del crecimiento argentino por los pr\u00f3ximos 100 a\u00f1os para que una vez m\u00e1s Argentina sea un faro de luz para occidente\u00bb, recalc\u00f3 el mandatario y enumer\u00f3 los diez puntos en cuesti\u00f3n:<\/p>\n\n\n\n<ul class=\"wp-block-list\">\n<li>Inviolabilidad de la propiedad privada<\/li>\n\n\n\n<li>El equilibrio fiscal innegociable<\/li>\n\n\n\n<li>Reducci\u00f3n del gasto p\u00fablico a niveles hist\u00f3ricos en torno al 25% del PIB<\/li>\n\n\n\n<li>Una reforma tributaria que reduzca la presi\u00f3n tributaria, que simplifique la vida de los argentinos y promueva el comercio.<\/li>\n\n\n\n<li>Rediscutir la Coparticipaci\u00f3n Federal de Impuestos y terminar para siempre con el modelo extorsivo actual.<\/li>\n\n\n\n<li>Compromiso de las provincias en avanzar en la explotaci\u00f3n de los recursos naturales del pa\u00eds.<\/li>\n\n\n\n<li>Una reforma laboral moderna que promueva el trabajo formal.<\/li>\n\n\n\n<li>Una reforma previsional que le de sustentabilidad al sistema, respete a quienes aportaron y permite a quienes prefieran suscribirse a un sistema privado de jubilaci\u00f3n.<\/li>\n\n\n\n<li>Una Reforma pol\u00edtica estructural, que modifique el sistema actual y vuelva alinear los intereses de los representantes y los representados.<\/li>\n\n\n\n<li>La apertura del comercio internacional de manera que la Argentina vuelva a ser protagonista del mercado global.<\/li>\n<\/ul>\n","protected":false},"excerpt":{"rendered":"<p>La Oficina del Presidente confirm\u00f3 el encuentro, que se llevar\u00e1 a cabo en Casa de Gobierno, con el objetivo de \u00abseguir los pasos\u00bb para establecer el dec\u00e1logo que se firmar\u00e1 el 25 de mayo.<\/p>\n","protected":false},"author":2,"featured_media":64114,"comment_status":"open","ping_status":"open","sticky":false,"template":"","format":"standard","meta":{"om_disable_all_campaigns":false,"_monsterinsights_skip_tracking":false,"_monsterinsights_sitenote_active":false,"_monsterinsights_sitenote_note":"","_monsterinsights_sitenote_category":0,"_uf_show_specific_survey":0,"_uf_disable_surveys":false,"jetpack_post_was_ever_published":false,"_jetpack_newsletter_access":"","_jetpack_dont_email_post_to_subs":false,"_jetpack_newsletter_tier_id":0,"_jetpack_memberships_contains_paywalled_content":false,"_jetpack_memberships_contains_paid_content":false,"footnotes":"","jetpack_publicize_message":"","jetpack_publicize_feature_enabled":true,"jetpack_social_post_already_shared":true,"jetpack_social_options":{"image_generator_settings":{"template":"highway","default_image_id":0,"font":"","enabled":false},"version":2}},"categories":[4,7],"tags":[],"class_list":["post-64111","post","type-post","status-publish","format-standard","has-post-thumbnail","hentry","category-destacadas","category-nacionales"],"aioseo_notices":[],"views":13,"jetpack_publicize_connections":[],"jetpack_featured_media_url":"https:\/\/i0.wp.com\/elterritorialweb.com.ar\/web\/wp-content\/uploads\/2024\/03\/image-4.png?fit=1200%2C675&ssl=1","jetpack_sharing_enabled":true,"_links":{"self":[{"href":"https:\/\/elterritorialweb.com.ar\/web\/wp-json\/wp\/v2\/posts\/64111","targetHints":{"allow":["GET"]}}],"collection":[{"href":"https:\/\/elterritorialweb.com.ar\/web\/wp-json\/wp\/v2\/posts"}],"about":[{"href":"https:\/\/elterritorialweb.com.ar\/web\/wp-json\/wp\/v2\/types\/post"}],"author":[{"embeddable":true,"href":"https:\/\/elterritorialweb.com.ar\/web\/wp-json\/wp\/v2\/users\/2"}],"replies":[{"embeddable":true,"href":"https:\/\/elterritorialweb.com.ar\/web\/wp-json\/wp\/v2\/comments?post=64111"}],"version-history":[{"count":1,"href":"https:\/\/elterritorialweb.com.ar\/web\/wp-json\/wp\/v2\/posts\/64111\/revisions"}],"predecessor-version":[{"id":64115,"href":"https:\/\/elterritorialweb.com.ar\/web\/wp-json\/wp\/v2\/posts\/64111\/revisions\/64115"}],"wp:featuredmedia":[{"embeddable":true,"href":"https:\/\/elterritorialweb.com.ar\/web\/wp-json\/wp\/v2\/media\/64114"}],"wp:attachment":[{"href":"https:\/\/elterritorialweb.com.ar\/web\/wp-json\/wp\/v2\/media?parent=64111"}],"wp:term":[{"taxonomy":"category","embeddable":true,"href":"https:\/\/elterritorialweb.com.ar\/web\/wp-json\/wp\/v2\/categories?post=64111"},{"taxonomy":"post_tag","embeddable":true,"href":"https:\/\/elterritorialweb.com.ar\/web\/wp-json\/wp\/v2\/tags?post=64111"}],"curies":[{"name":"wp","href":"https:\/\/api.w.org\/{rel}","templated":true}]}}