{"id":64116,"date":"2024-03-05T17:35:58","date_gmt":"2024-03-05T17:35:58","guid":{"rendered":"http:\/\/elterritorialweb.com.ar\/web\/?p=64116"},"modified":"2024-03-05T17:38:45","modified_gmt":"2024-03-05T17:38:45","slug":"fuentes-destaco-que-los-jardines-municipales-tienen-una-educacion-de-calidad-enfocada-en-dar-igualdad-de-oportunidades","status":"publish","type":"post","link":"https:\/\/elterritorialweb.com.ar\/web\/fuentes-destaco-que-los-jardines-municipales-tienen-una-educacion-de-calidad-enfocada-en-dar-igualdad-de-oportunidades\/","title":{"rendered":"FUENTES DESTAC\u00d3 LA CALIDAD EDUCATIVA DE LOS JARDINES MUNICIPALES ENFOCADOS EN DAR IGUALDAD DE OPORTUNIDADES"},"content":{"rendered":"\n<p>La ceremonia de apertura oficial tuvo lugar en el \u00d3valo del Parque Sur, del cual tambi\u00e9n participaron el Presidente del Concejo Deliberante, Humberto Santill\u00e1n; la presidente del Consejo General de Educaci\u00f3n, Mar\u00eda Elena Herrera, miembros del gabinete municipal, funcionarios provinciales, legisladores provinciales, concejales, directivos y docentes de los jardines y familiares y alumnos.<\/p>\n\n\n\n<p>En su mensaje, la jefa comunal destac\u00f3 el constante apoyo del gobierno provincial a la municipalidad en materia educativa, al poner en contexto que el gobernador Gerardo Zamora viene impulsando desde hace 19 a\u00f1os una revolucionaria pol\u00edtica educativa y que se puede ver en el desarrollo de infraestructura, con la inauguraci\u00f3n sin precedentes de numerosos edificios en todo el territorio santiague\u00f1o. \u201cLa profunda transformaci\u00f3n del modelo educativo ha permitido lograr a partir del aporte de las nuevas tecnolog\u00edas, un modelo que nos conducir\u00e1 a cimentar una sociedad y una econom\u00eda sobre la base del conocimiento\u201d, remarc\u00f3.<\/p>\n\n\n\n<p>Seguidamente, la Ing. Fuentes recalc\u00f3 que en este contexto tan cr\u00edtico para los argentinos, en medio de una incertidumbre social, pol\u00edtica y econ\u00f3mica, \u201cnuestra ciudad no es ajena a esta realidad, por lo que debemos trabajar m\u00e1s que nunca para llegar con nuestra propuesta educativa a todos los barrios. Queremos a nuestros ni\u00f1os y ni\u00f1as en las salitas form\u00e1ndose y aprendiendo y les aseguro que vamos a redoblar en cuanto esfuerzo haya que redoblar para no alejarnos de este objetivo\u201d.<\/p>\n\n\n\n<p>En ese punto, la titular del Departamento Ejecutivo enumer\u00f3 las mejoras salariales que tuvieron los docentes, en consonancia con las anunciadas por el Gobierno de la Provincia, como el incremento del ciento por ciento de los haberes, el piso salarial a $280.000 para los docentes que ocupen hasta dos cargos, el bono de $110.000 y la ayuda escolar de $90.000 por cada hijo.<\/p>\n\n\n\n<p>Tambi\u00e9n puso de relieve un modelo de educaci\u00f3n integradora en los jardines de infantes, sobre lo cual indic\u00f3: \u201cCu\u00e1nta importancia cobra hablar de inclusi\u00f3n, m\u00e1s a\u00fan cuando los discursos violentos se naturalizan y la violencia en las redes sociales se acrecienta cada vez m\u00e1s, al punto de ir en contra hasta de los m\u00e1s vulnerables, por eso queremos una sociedad diversa donde prime la tolerancia y el respeto, donde nadie sea objeto de burla o que su condici\u00f3n pueda ser tomada como algo peyorativo y que la educaci\u00f3n sea la herramienta para desterrar para siempre los estereotipos y todo tipo de prejuicio\u201d.<\/p>\n\n\n\n<p>En ese marco, la intendente record\u00f3: \u201cEs el objetivo que nos planteamos, hacer de nuestros jardines de infantes un \u00e1mbito ideal en el que los alumnos incorporen los valores y los h\u00e1bitos para una sana convivencia\u201d.<\/p>\n\n\n\n<figure class=\"wp-block-image size-large\"><a href=\"https:\/\/i0.wp.com\/elterritorialweb.com.ar\/web\/wp-content\/uploads\/2024\/03\/FUENTES-CICLO-LECTIVO-2024.jpeg\"><img data-recalc-dims=\"1\" decoding=\"async\" width=\"640\" height=\"389\" data-src=\"https:\/\/i0.wp.com\/elterritorialweb.com.ar\/web\/wp-content\/uploads\/2024\/03\/FUENTES-CICLO-LECTIVO-2024.jpeg?resize=640%2C389\" alt=\"\" class=\"wp-image-64117 lazyload\" data-srcset=\"https:\/\/i0.wp.com\/elterritorialweb.com.ar\/web\/wp-content\/uploads\/2024\/03\/FUENTES-CICLO-LECTIVO-2024.jpeg?resize=1024%2C623&amp;ssl=1 1024w, https:\/\/i0.wp.com\/elterritorialweb.com.ar\/web\/wp-content\/uploads\/2024\/03\/FUENTES-CICLO-LECTIVO-2024.jpeg?resize=300%2C183&amp;ssl=1 300w, https:\/\/i0.wp.com\/elterritorialweb.com.ar\/web\/wp-content\/uploads\/2024\/03\/FUENTES-CICLO-LECTIVO-2024.jpeg?resize=768%2C468&amp;ssl=1 768w, https:\/\/i0.wp.com\/elterritorialweb.com.ar\/web\/wp-content\/uploads\/2024\/03\/FUENTES-CICLO-LECTIVO-2024.jpeg?resize=1536%2C935&amp;ssl=1 1536w, https:\/\/i0.wp.com\/elterritorialweb.com.ar\/web\/wp-content\/uploads\/2024\/03\/FUENTES-CICLO-LECTIVO-2024.jpeg?w=1600&amp;ssl=1 1600w, https:\/\/i0.wp.com\/elterritorialweb.com.ar\/web\/wp-content\/uploads\/2024\/03\/FUENTES-CICLO-LECTIVO-2024.jpeg?w=1280 1280w\" data-sizes=\"(max-width: 640px) 100vw, 640px\" src=\"data:image\/svg+xml;base64,PHN2ZyB3aWR0aD0iMSIgaGVpZ2h0PSIxIiB4bWxucz0iaHR0cDovL3d3dy53My5vcmcvMjAwMC9zdmciPjwvc3ZnPg==\" style=\"--smush-placeholder-width: 640px; --smush-placeholder-aspect-ratio: 640\/389;\" \/><\/a><\/figure>\n\n\n\n<p>M\u00e1s adelante Fuentes, subray\u00f3: \u201cCu\u00e1ndo de educaci\u00f3n se trata, no existe y no debe existir la posibilidad alguna de ajuste porque educaci\u00f3n y salud son prioritarios en cualquier agenda de gobierno. Tenemos la firme convicci\u00f3n que el crecimiento y el desarrollo de nuestra ciudad se cimientan en la educaci\u00f3n\u201d.<\/p>\n\n\n\n<p>En el final, la Ing.&nbsp; Fuentes, deseo el mayor de los \u00e9xitos tanto a alumnos que van a vivir una etapa tan valiosa y a docentes que demuestran cada a\u00f1o la profunda vocaci\u00f3n que las motiva a dar lo mejor y seguir adelante en la noble misi\u00f3n de formar, a\u00fan contra toda contrariedad que se presente. \u201cTambi\u00e9n quiero decirles hay un gobierno provincial y una gesti\u00f3n municipal que las va a respaldar siempre, porque valoramos el sacrificio, la entrega, la labor diaria que nunca se termina porque siempre hay algo nuevo que ense\u00f1ar\u201d, destac\u00f3.<\/p>\n\n\n\n<p>Cabe destacar que, en este 2024, se inicia con alrededor de 4000 ni\u00f1os y ni\u00f1as inscriptos, con la posibilidad de ampliar la poblaci\u00f3n de estudiantes en el nivel inicial. Los alumnos recibir\u00e1n formaci\u00f3n en los establecimientos educativos municipales bajo las tem\u00e1ticas de infancia y salud, medio ambiente, alfabetizaci\u00f3n, pensamientos digitales y rob\u00f3tica y desarrollo personal y social.<\/p>\n\n\n\n<p>Adem\u00e1s se encuentra en plena ejecuci\u00f3n la obra del jard\u00edn municipal N\u00b027 bajo la modalidad y orientaci\u00f3n ambiental que estar\u00e1 ubicado en el barrio Saint Germ\u00e9s, en el sur de la ciudad Capital y la remodelaci\u00f3n del jard\u00edn N\u00ba 24 del barrio Campo Contreras.<\/p>\n","protected":false},"excerpt":{"rendered":"<p>\u00abCrear las condiciones para un comienzo de clases con total normalidad y en los t\u00e9rminos que fija el calendario escolar, habla de un municipio capaz de llevar adelante una pol\u00edtica educativa seria, de calidad y enfocada en dar igualdad de oportunidades a todos los ni\u00f1os\u201d, resalt\u00f3 la intendente Ing. Norma Fuentes al dejar inaugurado el ciclo lectivo 2024 en los 26 jardines de infantes municipales de la Capital.<\/p>\n","protected":false},"author":2,"featured_media":64120,"comment_status":"open","ping_status":"open","sticky":false,"template":"","format":"standard","meta":{"om_disable_all_campaigns":false,"_monsterinsights_skip_tracking":false,"_monsterinsights_sitenote_active":false,"_monsterinsights_sitenote_note":"","_monsterinsights_sitenote_category":0,"_uf_show_specific_survey":0,"_uf_disable_surveys":false,"jetpack_post_was_ever_published":false,"_jetpack_newsletter_access":"","_jetpack_dont_email_post_to_subs":false,"_jetpack_newsletter_tier_id":0,"_jetpack_memberships_contains_paywalled_content":false,"_jetpack_memberships_contains_paid_content":false,"footnotes":"","jetpack_publicize_message":"","jetpack_publicize_feature_enabled":true,"jetpack_social_post_already_shared":true,"jetpack_social_options":{"image_generator_settings":{"template":"highway","default_image_id":0,"font":"","enabled":false},"version":2}},"categories":[19,21],"tags":[313,73,116],"class_list":["post-64116","post","type-post","status-publish","format-standard","has-post-thumbnail","hentry","category-educacion","category-locales","tag-jardines-de-infantes-municipales","tag-municipalidad-de-la-capital","tag-norma-fuentes"],"aioseo_notices":[],"views":10,"jetpack_publicize_connections":[],"jetpack_featured_media_url":"https:\/\/i0.wp.com\/elterritorialweb.com.ar\/web\/wp-content\/uploads\/2024\/03\/CICLO-LECTIVO1.jpeg?fit=1600%2C1022&ssl=1","jetpack_sharing_enabled":true,"_links":{"self":[{"href":"https:\/\/elterritorialweb.com.ar\/web\/wp-json\/wp\/v2\/posts\/64116","targetHints":{"allow":["GET"]}}],"collection":[{"href":"https:\/\/elterritorialweb.com.ar\/web\/wp-json\/wp\/v2\/posts"}],"about":[{"href":"https:\/\/elterritorialweb.com.ar\/web\/wp-json\/wp\/v2\/types\/post"}],"author":[{"embeddable":true,"href":"https:\/\/elterritorialweb.com.ar\/web\/wp-json\/wp\/v2\/users\/2"}],"replies":[{"embeddable":true,"href":"https:\/\/elterritorialweb.com.ar\/web\/wp-json\/wp\/v2\/comments?post=64116"}],"version-history":[{"count":2,"href":"https:\/\/elterritorialweb.com.ar\/web\/wp-json\/wp\/v2\/posts\/64116\/revisions"}],"predecessor-version":[{"id":64121,"href":"https:\/\/elterritorialweb.com.ar\/web\/wp-json\/wp\/v2\/posts\/64116\/revisions\/64121"}],"wp:featuredmedia":[{"embeddable":true,"href":"https:\/\/elterritorialweb.com.ar\/web\/wp-json\/wp\/v2\/media\/64120"}],"wp:attachment":[{"href":"https:\/\/elterritorialweb.com.ar\/web\/wp-json\/wp\/v2\/media?parent=64116"}],"wp:term":[{"taxonomy":"category","embeddable":true,"href":"https:\/\/elterritorialweb.com.ar\/web\/wp-json\/wp\/v2\/categories?post=64116"},{"taxonomy":"post_tag","embeddable":true,"href":"https:\/\/elterritorialweb.com.ar\/web\/wp-json\/wp\/v2\/tags?post=64116"}],"curies":[{"name":"wp","href":"https:\/\/api.w.org\/{rel}","templated":true}]}}