{"id":64123,"date":"2024-03-05T18:07:55","date_gmt":"2024-03-05T18:07:55","guid":{"rendered":"http:\/\/elterritorialweb.com.ar\/web\/?p=64123"},"modified":"2024-03-05T18:07:57","modified_gmt":"2024-03-05T18:07:57","slug":"afip-prorrogo-los-vencimientos-de-aportes-personales-de-autonomos","status":"publish","type":"post","link":"https:\/\/elterritorialweb.com.ar\/web\/afip-prorrogo-los-vencimientos-de-aportes-personales-de-autonomos\/","title":{"rendered":"AFIP PRORROG\u00d3 LOS VENCIMIENTOS DE APORTES PERSONALES DE AUT\u00d3NOMOS"},"content":{"rendered":"\n<p><strong>AFIP oficializ\u00f3 la pr\u00f3rroga de los vencimientos de aportes personales de trabajadores aut\u00f3nomos.<\/strong>\u00a0La Resoluci\u00f3n General 5488\/2024, publicada este martes en el Bolet\u00edn Oficial indica que la nueva fecha de vencimiento es el 14 de marzo.<\/p>\n\n\n\n<p>Asimismo, abarca los per\u00edodos de septiembre a diciembre de 2023 y enero de 2024. De acuerdo con el texto oficial, esta ampliaci\u00f3n busca aliviar las cargas financieras de los trabajadores aut\u00f3nomos,<strong>&nbsp;\u00abotorg\u00e1ndoles un margen adicional para cumplir con sus obligaciones fiscales\u00bb.<\/strong><\/p>\n\n\n\n<p>Estos aportes se abonar\u00e1n mediante el VEP (volante de pago electr\u00f3nico), asegurando la norma y agilizando el proceso del pago para optimizar la gesti\u00f3n tributaria.<\/p>\n\n\n\n<p>Adem\u00e1s, la nueva norma establece condiciones excepcionales para acceder al beneficio de acreditaci\u00f3n anual de hasta un aporte personal mensual. Esto se implementa al considerar \u00ablas dificultades que algunos contribuyentes han experimentado al intentar acceder a los sistemas de la AFIP\u00bb.<\/p>\n\n\n\n<p>La resoluci\u00f3n especifica que para el a\u00f1o 2023, se requiere haber abonado los aportes personales de al menos 8 per\u00edodos mensuales, mientras que para el a\u00f1o 2024,\u00a0<strong>la condici\u00f3n obliga el pago de 11 per\u00edodos mensuales.<\/strong><\/p>\n\n\n\n<h3 class=\"wp-block-heading\">AFIP actualiza un procedimiento clave del impuesto a las ganancias para empresas<\/h3>\n\n\n\n<p>Mediante la Resoluci\u00f3n General 5489\/2024 se disponen<strong>&nbsp;nuevos requisitos, plazos y condiciones para los contribuyentes y\/o responsables&nbsp;<\/strong>bajo ciertas secciones espec\u00edficas de la Ley de Impuesto a las Ganancias. Est\u00e1n contempladas sociedades, empresas unipersonales, fideicomisos y otros, que practiquen balance comercial.<\/p>\n\n\n\n<p>El texto oficial se\u00f1ala que los contribuyentes tienen que llevar un sistema contable de forma comercial, lo que es \u00abfundamental para la determinaci\u00f3n e ingreso del impuesto a las ganancias\u00bb.<\/p>\n\n\n\n<p>De acuerdo con el texto, se introducen dos modificaciones. En primer lugar, la apertura del dato correspondiente al Ajuste por Inflaci\u00f3n en los campos \u00abAjuste Est\u00e1tico\u00bb y \u00abAjuste Din\u00e1mico\u00bb. En tanto, tambi\u00e9n comenzar\u00e1 a regir la actualizaci\u00f3n de los montos de la escala del art\u00edculo 73 de la ley del gravamen, vigentes a partir del 1\u00b0 de enero de 2024.<\/p>\n\n\n\n<p><\/p>\n","protected":false},"excerpt":{"rendered":"<p>La Resoluci\u00f3n General 5488\/2024, publicada este martes en el Bolet\u00edn Oficial abarca los per\u00edodos de septiembre a diciembre de 2023 y enero de 2024. Tambi\u00e9n inform\u00f3 de un cambio clave para empresas.<\/p>\n","protected":false},"author":2,"featured_media":14704,"comment_status":"open","ping_status":"open","sticky":false,"template":"","format":"standard","meta":{"om_disable_all_campaigns":false,"_monsterinsights_skip_tracking":false,"_monsterinsights_sitenote_active":false,"_monsterinsights_sitenote_note":"","_monsterinsights_sitenote_category":0,"_uf_show_specific_survey":0,"_uf_disable_surveys":false,"jetpack_post_was_ever_published":false,"_jetpack_newsletter_access":"","_jetpack_dont_email_post_to_subs":false,"_jetpack_newsletter_tier_id":0,"_jetpack_memberships_contains_paywalled_content":false,"_jetpack_memberships_contains_paid_content":false,"footnotes":"","jetpack_publicize_message":"","jetpack_publicize_feature_enabled":true,"jetpack_social_post_already_shared":true,"jetpack_social_options":{"image_generator_settings":{"template":"highway","default_image_id":0,"font":"","enabled":false},"version":2}},"categories":[4,7],"tags":[462],"class_list":["post-64123","post","type-post","status-publish","format-standard","has-post-thumbnail","hentry","category-destacadas","category-nacionales","tag-afip"],"aioseo_notices":[],"views":12,"jetpack_publicize_connections":[],"jetpack_featured_media_url":"https:\/\/i0.wp.com\/elterritorialweb.com.ar\/web\/wp-content\/uploads\/2020\/12\/afip.jpg?fit=600%2C365&ssl=1","jetpack_sharing_enabled":true,"_links":{"self":[{"href":"https:\/\/elterritorialweb.com.ar\/web\/wp-json\/wp\/v2\/posts\/64123","targetHints":{"allow":["GET"]}}],"collection":[{"href":"https:\/\/elterritorialweb.com.ar\/web\/wp-json\/wp\/v2\/posts"}],"about":[{"href":"https:\/\/elterritorialweb.com.ar\/web\/wp-json\/wp\/v2\/types\/post"}],"author":[{"embeddable":true,"href":"https:\/\/elterritorialweb.com.ar\/web\/wp-json\/wp\/v2\/users\/2"}],"replies":[{"embeddable":true,"href":"https:\/\/elterritorialweb.com.ar\/web\/wp-json\/wp\/v2\/comments?post=64123"}],"version-history":[{"count":1,"href":"https:\/\/elterritorialweb.com.ar\/web\/wp-json\/wp\/v2\/posts\/64123\/revisions"}],"predecessor-version":[{"id":64124,"href":"https:\/\/elterritorialweb.com.ar\/web\/wp-json\/wp\/v2\/posts\/64123\/revisions\/64124"}],"wp:featuredmedia":[{"embeddable":true,"href":"https:\/\/elterritorialweb.com.ar\/web\/wp-json\/wp\/v2\/media\/14704"}],"wp:attachment":[{"href":"https:\/\/elterritorialweb.com.ar\/web\/wp-json\/wp\/v2\/media?parent=64123"}],"wp:term":[{"taxonomy":"category","embeddable":true,"href":"https:\/\/elterritorialweb.com.ar\/web\/wp-json\/wp\/v2\/categories?post=64123"},{"taxonomy":"post_tag","embeddable":true,"href":"https:\/\/elterritorialweb.com.ar\/web\/wp-json\/wp\/v2\/tags?post=64123"}],"curies":[{"name":"wp","href":"https:\/\/api.w.org\/{rel}","templated":true}]}}