{"id":64125,"date":"2024-03-05T18:16:23","date_gmt":"2024-03-05T18:16:23","guid":{"rendered":"http:\/\/elterritorialweb.com.ar\/web\/?p=64125"},"modified":"2024-03-05T18:16:25","modified_gmt":"2024-03-05T18:16:25","slug":"rodriguez-larreta-aseguro-que-bullrich-abandono-los-valores-del-pro","status":"publish","type":"post","link":"https:\/\/elterritorialweb.com.ar\/web\/rodriguez-larreta-aseguro-que-bullrich-abandono-los-valores-del-pro\/","title":{"rendered":"RODR\u00cdGUEZ LARRETA ASEGUR\u00d3 QUE BULLRICH \u00abABANDON\u00d3 LOS VALORES DEL PRO\u00bb"},"content":{"rendered":"\n<p>Horacio Rodr\u00edguez Larretea retom\u00f3 su agenda p\u00fablica y, luego de criticar la actitud de Mauricio Macri, ahora cruz\u00f3 a Patricia Bullrich, quien le hab\u00eda respondido tras sus cr\u00edticas a Javier Milei. El ex jefe de Gobierno porte\u00f1o asegur\u00f3 que el partido necesita una renovaci\u00f3n y que la actual ministra de Seguridad \u00ababandon\u00f3 los valores del PRO\u00bb.<\/p>\n\n\n\n<p>\u00abLa presidenta (Bullrich) hoy es parte del Gobierno y yo no creo en la fusi\u00f3n o en el cogobierno, creo en los valores que tenemos que defender. Ella los abandon\u00f3 desde el momento en que es parte de una gesti\u00f3n que agrede al que piensa diferente. Yo no estoy de acuerdo con eso\u00bb, expres\u00f3 Larreta.<\/p>\n\n\n\n<p>El excandidato a presidente record\u00f3 que Bullrich le hab\u00eda ofrecido \u00abel cargo m\u00e1s importante\u00bb dentro de su posible gobierno, \u00abcon lo cual es un poco contradictorio que ahora salga a pegar\u00bb. \u00abYo no voy a profundizar la agresi\u00f3n\u00bb, remarc\u00f3 en&nbsp;<em>Radio Mitre<\/em>.<\/p>\n\n\n\n<p>Adem\u00e1s, volvi\u00f3 a pedir no entregarle el PRO a Milei. \u00abTodas las declaraciones, todas las actitudes, van en esa direcci\u00f3n. \u00abEstoy en contra\u00bb, repiti\u00f3.<\/p>\n\n\n\n<p>\u00abComo criterio general, yo estoy en contra de entregarle el PRO a Milei, en contra de las propuestas de fusi\u00f3n, de cogobierno, no estoy de acuerdo. Que quede bien claro eso. Que despu\u00e9s en el Congreso apoyemos las iniciativas del Presidente es v\u00e1lido\u00bb, hab\u00eda dicho el pasado domingo.<\/p>\n\n\n\n<p><\/p>\n","protected":false},"excerpt":{"rendered":"<p>El ex jefe de Gobierno volvi\u00f3 a advertir que Mauricio Macri le quiere entregar el partido a Javier Milei y le respondi\u00f3 a la minsitra de Seguridad: \u00abMe hab\u00eda ofrecido el cargo m\u00e1s importante en su gobierno y ahora me agrede\u00bb.<\/p>\n","protected":false},"author":2,"featured_media":27756,"comment_status":"open","ping_status":"open","sticky":false,"template":"","format":"standard","meta":{"om_disable_all_campaigns":false,"_monsterinsights_skip_tracking":false,"_monsterinsights_sitenote_active":false,"_monsterinsights_sitenote_note":"","_monsterinsights_sitenote_category":0,"_uf_show_specific_survey":0,"_uf_disable_surveys":false,"jetpack_post_was_ever_published":false,"_jetpack_newsletter_access":"","_jetpack_dont_email_post_to_subs":false,"_jetpack_newsletter_tier_id":0,"_jetpack_memberships_contains_paywalled_content":false,"_jetpack_memberships_contains_paid_content":false,"footnotes":"","jetpack_publicize_message":"","jetpack_publicize_feature_enabled":true,"jetpack_social_post_already_shared":true,"jetpack_social_options":{"image_generator_settings":{"template":"highway","default_image_id":0,"font":"","enabled":false},"version":2}},"categories":[7],"tags":[177,589],"class_list":["post-64125","post","type-post","status-publish","format-standard","has-post-thumbnail","hentry","category-nacionales","tag-horacio-rodriguez-larreta","tag-patricia-bullrich"],"aioseo_notices":[],"views":11,"jetpack_publicize_connections":[],"jetpack_featured_media_url":"https:\/\/i0.wp.com\/elterritorialweb.com.ar\/web\/wp-content\/uploads\/2021\/09\/RODRIGUEZ-LARRETA.jpg?fit=768%2C512&ssl=1","jetpack_sharing_enabled":true,"_links":{"self":[{"href":"https:\/\/elterritorialweb.com.ar\/web\/wp-json\/wp\/v2\/posts\/64125","targetHints":{"allow":["GET"]}}],"collection":[{"href":"https:\/\/elterritorialweb.com.ar\/web\/wp-json\/wp\/v2\/posts"}],"about":[{"href":"https:\/\/elterritorialweb.com.ar\/web\/wp-json\/wp\/v2\/types\/post"}],"author":[{"embeddable":true,"href":"https:\/\/elterritorialweb.com.ar\/web\/wp-json\/wp\/v2\/users\/2"}],"replies":[{"embeddable":true,"href":"https:\/\/elterritorialweb.com.ar\/web\/wp-json\/wp\/v2\/comments?post=64125"}],"version-history":[{"count":1,"href":"https:\/\/elterritorialweb.com.ar\/web\/wp-json\/wp\/v2\/posts\/64125\/revisions"}],"predecessor-version":[{"id":64126,"href":"https:\/\/elterritorialweb.com.ar\/web\/wp-json\/wp\/v2\/posts\/64125\/revisions\/64126"}],"wp:featuredmedia":[{"embeddable":true,"href":"https:\/\/elterritorialweb.com.ar\/web\/wp-json\/wp\/v2\/media\/27756"}],"wp:attachment":[{"href":"https:\/\/elterritorialweb.com.ar\/web\/wp-json\/wp\/v2\/media?parent=64125"}],"wp:term":[{"taxonomy":"category","embeddable":true,"href":"https:\/\/elterritorialweb.com.ar\/web\/wp-json\/wp\/v2\/categories?post=64125"},{"taxonomy":"post_tag","embeddable":true,"href":"https:\/\/elterritorialweb.com.ar\/web\/wp-json\/wp\/v2\/tags?post=64125"}],"curies":[{"name":"wp","href":"https:\/\/api.w.org\/{rel}","templated":true}]}}