{"id":64127,"date":"2024-03-05T19:20:21","date_gmt":"2024-03-05T19:20:21","guid":{"rendered":"http:\/\/elterritorialweb.com.ar\/web\/?p=64127"},"modified":"2024-03-05T19:20:24","modified_gmt":"2024-03-05T19:20:24","slug":"milei-pronostico-que-la-inflacion-de-febrero-va-a-estar-en-15","status":"publish","type":"post","link":"https:\/\/elterritorialweb.com.ar\/web\/milei-pronostico-que-la-inflacion-de-febrero-va-a-estar-en-15\/","title":{"rendered":"MILEI PRONOSTIC\u00d3 QUE LA INFLACI\u00d3N DE FEBRERO \u00abVA A ESTAR EN 15%\u00bb"},"content":{"rendered":"\n<p>El presidente<strong>\u00a0Javier Milei<\/strong>\u00a0pronostic\u00f3 que<strong>\u00a0la inflaci\u00f3n de febrero \u00abva a estar en 15%\u00bb\u00a0<\/strong>en una reuni\u00f3n con productores agropecuarios en la\u00a0<strong>ExpoAgro 2024<\/strong>, la nueva edici\u00f3n de la tradicional muestra agroindustrial, que comenz\u00f3 este martes 5 de marzo en el predio ferial y aut\u00f3dromo de la localidad bonaerense de San Nicol\u00e1s.<\/p>\n\n\n\n<p><strong>\u00abCuando en diciembre dio 25% fue un \u00e9xito, porque los precios se retrajeron a la segunda semana. Este mes parece que la inflaci\u00f3n va a estar en 15%\u201d<\/strong>, afirm\u00f3.<\/p>\n\n\n\n<p>El evento concentra las&nbsp;<strong>\u00faltimas tendencias sobre maquinaria agr\u00edcola, insumos, servicios y ganader\u00eda y se desarrollar\u00e1 hasta el viernes 8<\/strong>. All\u00ed, compradores, vendedores, entidades financieras y rondas de negocios compartir\u00e1n experiencias y podr\u00e1n iniciar negocios, capacitarse y obtener conocimientos.<\/p>\n\n\n\n<p>La edici\u00f3n de este a\u00f1o tendr\u00e1 m\u00e1s de 600 expositores de maquinaria, insumos, servicios y bancos, que incluyen 130 nuevas empresas. Adem\u00e1s, el predio cuenta con 8.000 metros cuadrados m\u00e1s de espacios comerciales en relaci\u00f3n a 2023.<\/p>\n\n\n\n<p>Varios pol\u00edticos y referentes tomar\u00e1n parte en la exposici\u00f3n. En la habitual cena llevada a cabo el lunes, participaron\u00a0<strong>Mart\u00edn Llaryora<\/strong>, gobernador de C\u00f3rdoba;\u00a0<strong>Rogelio Frigerio<\/strong>, gobernador de Entre R\u00edos;\u00a0<strong>Fernando Vilella<\/strong>, Secretario de Bioeconom\u00eda, y hasta integrantes de la\u00a0<strong>Mesa de Enlace<\/strong>.<\/p>\n\n\n\n<p>La feria del agro incluye paneles y discusiones donde se abordar\u00e1n temas cr\u00edticos como la&nbsp;<strong>innovaci\u00f3n tecnol\u00f3gica en la agricultura, las estrategias para el desarrollo sostenible y el rol de Argentina en el mercado agroexportador mundial<\/strong>.<\/p>\n\n\n\n<h2 class=\"wp-block-heading\">ExpoAgro 2024: eventos y presencia de funcionarios<\/h2>\n\n\n\n<p>Con respecto a la disposici\u00f3n de<strong>&nbsp;charlas y lanzamientos, \u00e9stos se distribuir\u00e1n en siete auditorios<\/strong>: el Auditorio Agtech John Deere; la Carpa de Remates Ipcva (Instituto de la Promoci\u00f3n de la Carne Vacuna Argentina) y el Auditorio Carne Argentina, ambos en el sector ganadero); el Auditorio de Agronegocios; el Tecn\u00f3dromo; el Anfiteatro SPS Semillas; y el de la sala de Prensa.<\/p>\n\n\n\n<p>En cuanto a la presencia de funcionarios nacionales, est\u00e1 confirmada la del secretario de Agricultura, Ganader\u00eda y Pesca,&nbsp;<strong>Fernando Vilella<\/strong>, quien participar\u00e1 el martes, desde las 11, del corte de cinta inaugural.<\/p>\n\n\n\n<p>El mismo d\u00eda, a las 15,&nbsp;<strong>Vilella brindar\u00e1 una conferencia de prensa&nbsp;<\/strong>en la abordar\u00e1 un informe de gesti\u00f3n de estos 90 d\u00edas al frente del \u00e1rea.<\/p>\n\n\n\n<p>Asimismo, el jueves, desde las 10, el secretario expondr\u00e1 sobre<strong>&nbsp;\u00abLa Bioeconom\u00eda, una propuesta superadora para los productores argentinos\u00bb<\/strong>.<\/p>\n","protected":false},"excerpt":{"rendered":"<p>El Presidente habl\u00f3 frente a un grupo de productores en el tradicional evento agroindustrial que se desarrolla en San Nicol\u00e1s.<\/p>\n","protected":false},"author":2,"featured_media":64128,"comment_status":"open","ping_status":"open","sticky":false,"template":"","format":"standard","meta":{"om_disable_all_campaigns":false,"_monsterinsights_skip_tracking":false,"_monsterinsights_sitenote_active":false,"_monsterinsights_sitenote_note":"","_monsterinsights_sitenote_category":0,"_uf_show_specific_survey":0,"_uf_disable_surveys":false,"jetpack_post_was_ever_published":false,"_jetpack_newsletter_access":"","_jetpack_dont_email_post_to_subs":false,"_jetpack_newsletter_tier_id":0,"_jetpack_memberships_contains_paywalled_content":false,"_jetpack_memberships_contains_paid_content":false,"footnotes":"","jetpack_publicize_message":"","jetpack_publicize_feature_enabled":true,"jetpack_social_post_already_shared":true,"jetpack_social_options":{"image_generator_settings":{"template":"highway","default_image_id":0,"font":"","enabled":false},"version":2}},"categories":[4,7],"tags":[265,92,687],"class_list":["post-64127","post","type-post","status-publish","format-standard","has-post-thumbnail","hentry","category-destacadas","category-nacionales","tag-inflacion","tag-javier-milei","tag-la-libertad-avanza"],"aioseo_notices":[],"views":12,"jetpack_publicize_connections":[],"jetpack_featured_media_url":"https:\/\/i0.wp.com\/elterritorialweb.com.ar\/web\/wp-content\/uploads\/2024\/03\/MILEI-EXPO-AGRO.jpg?fit=1024%2C1024&ssl=1","jetpack_sharing_enabled":true,"_links":{"self":[{"href":"https:\/\/elterritorialweb.com.ar\/web\/wp-json\/wp\/v2\/posts\/64127","targetHints":{"allow":["GET"]}}],"collection":[{"href":"https:\/\/elterritorialweb.com.ar\/web\/wp-json\/wp\/v2\/posts"}],"about":[{"href":"https:\/\/elterritorialweb.com.ar\/web\/wp-json\/wp\/v2\/types\/post"}],"author":[{"embeddable":true,"href":"https:\/\/elterritorialweb.com.ar\/web\/wp-json\/wp\/v2\/users\/2"}],"replies":[{"embeddable":true,"href":"https:\/\/elterritorialweb.com.ar\/web\/wp-json\/wp\/v2\/comments?post=64127"}],"version-history":[{"count":1,"href":"https:\/\/elterritorialweb.com.ar\/web\/wp-json\/wp\/v2\/posts\/64127\/revisions"}],"predecessor-version":[{"id":64129,"href":"https:\/\/elterritorialweb.com.ar\/web\/wp-json\/wp\/v2\/posts\/64127\/revisions\/64129"}],"wp:featuredmedia":[{"embeddable":true,"href":"https:\/\/elterritorialweb.com.ar\/web\/wp-json\/wp\/v2\/media\/64128"}],"wp:attachment":[{"href":"https:\/\/elterritorialweb.com.ar\/web\/wp-json\/wp\/v2\/media?parent=64127"}],"wp:term":[{"taxonomy":"category","embeddable":true,"href":"https:\/\/elterritorialweb.com.ar\/web\/wp-json\/wp\/v2\/categories?post=64127"},{"taxonomy":"post_tag","embeddable":true,"href":"https:\/\/elterritorialweb.com.ar\/web\/wp-json\/wp\/v2\/tags?post=64127"}],"curies":[{"name":"wp","href":"https:\/\/api.w.org\/{rel}","templated":true}]}}