{"id":64130,"date":"2024-03-05T19:25:20","date_gmt":"2024-03-05T19:25:20","guid":{"rendered":"http:\/\/elterritorialweb.com.ar\/web\/?p=64130"},"modified":"2024-03-05T19:25:23","modified_gmt":"2024-03-05T19:25:23","slug":"nediani-dio-apertura-al-ciclo-lectivo-municipal-2024","status":"publish","type":"post","link":"https:\/\/elterritorialweb.com.ar\/web\/nediani-dio-apertura-al-ciclo-lectivo-municipal-2024\/","title":{"rendered":"NEDIANI DIO APERTURA AL CICLO LECTIVO MUNICIPAL 2024"},"content":{"rendered":"\n<p>En un contexto en el que se destaca la problem\u00e1tica salarial y la incertidumbre generada por decisiones a nivel nacional, Nediani abord\u00f3 diversos temas que marcan la realidad actual de la ciudad.<br>El intendente expres\u00f3 su compromiso con la educaci\u00f3n como pol\u00edtica de Estado. Lament\u00f3 la reducci\u00f3n de fondos nacionales que afectan al transporte p\u00fablico de pasajeros, crucial para el desplazamiento de ni\u00f1as y ni\u00f1os a sus escuelas.<br>La dif\u00edcil situaci\u00f3n econ\u00f3mica y la falta de fondos de incentivo docente fueron abordadas con honestidad. Nediani destac\u00f3 los esfuerzos locales, incluyendo un aumento del 100% en el sueldo b\u00e1sico para empleados p\u00fablicos municipales, con el objetivo de alcanzar un piso salarial de 280 mil pesos.<br>Ante las dificultades, el intendente reafirm\u00f3 el compromiso de la administraci\u00f3n con la educaci\u00f3n y el desarrollo de infraestructura educativa. Aunque reconoci\u00f3 los desaf\u00edos, Nediani inst\u00f3 a los docentes a trabajar con esperanza y positivismo para ofrecer una educaci\u00f3n de calidad.<br>En cuanto al boleto estudiantil, resalt\u00f3 que es un desaf\u00edo inmediato. Se est\u00e1n realizando gestiones a nivel nacional para implementar la tarjeta SUBE, brindando beneficios econ\u00f3micos a las familias y garantizando el acceso al transporte para los estudiantes.<br>Por su parte, la subsecretaria de Educaci\u00f3n, Alejandra Farias destac\u00f3 el compromiso de la gesti\u00f3n en el tiempo de mandato, subrayando el impulso constante a la mejora de la educaci\u00f3n municipal en todos sus aspectos.<br>En este acto de apertura, la comunidad educativa y las autoridades locales reafirmaron su compromiso con la educaci\u00f3n y el bienestar de los estudiantes de La Banda.<br>En la oportunidad, el jefe comunal estuvo acompa\u00f1ado por su mujer, Viviana Molina, el viceintendente, Gabriel Santill\u00e1n; la diputada Provincial, Mariana Morales; el concejal, Miguel Montenegro; la secretaria de Gobierno, Victoria Torres; la subsecretaria de Educaci\u00f3n y Cultura, Alejandra Farias, dem\u00e1s autoridades del ejecutivo municipal, instituciones intermedias, docentes, alumnos y padres.<\/p>\n","protected":false},"excerpt":{"rendered":"<p>El intendente de la ciudad de La Banda, Ingeniero Roger El\u00edas Nediani encabez\u00f3 el acto de apertura del Ciclo Lectivo 2024, en la explanada de la Escuela de Programaci\u00f3n y Rob\u00f3tica.<\/p>\n","protected":false},"author":2,"featured_media":64131,"comment_status":"open","ping_status":"open","sticky":false,"template":"","format":"standard","meta":{"om_disable_all_campaigns":false,"_monsterinsights_skip_tracking":false,"_monsterinsights_sitenote_active":false,"_monsterinsights_sitenote_note":"","_monsterinsights_sitenote_category":0,"_uf_show_specific_survey":0,"_uf_disable_surveys":false,"jetpack_post_was_ever_published":false,"_jetpack_newsletter_access":"","_jetpack_dont_email_post_to_subs":false,"_jetpack_newsletter_tier_id":0,"_jetpack_memberships_contains_paywalled_content":false,"_jetpack_memberships_contains_paid_content":false,"footnotes":"","jetpack_publicize_message":"","jetpack_publicize_feature_enabled":true,"jetpack_social_post_already_shared":true,"jetpack_social_options":{"image_generator_settings":{"template":"highway","default_image_id":0,"font":"","enabled":false},"version":2}},"categories":[9],"tags":[941,71,51],"class_list":["post-64130","post","type-post","status-publish","format-standard","has-post-thumbnail","hentry","category-banda","tag-ciclo-lectivo-2024","tag-municipalidad-de-la-banda","tag-roger-nediani"],"aioseo_notices":[],"views":10,"jetpack_publicize_connections":[],"jetpack_featured_media_url":"https:\/\/i0.wp.com\/elterritorialweb.com.ar\/web\/wp-content\/uploads\/2024\/03\/NEDIANI-CICLO-LECTIVO-scaled.jpeg?fit=2560%2C1920&ssl=1","jetpack_sharing_enabled":true,"_links":{"self":[{"href":"https:\/\/elterritorialweb.com.ar\/web\/wp-json\/wp\/v2\/posts\/64130","targetHints":{"allow":["GET"]}}],"collection":[{"href":"https:\/\/elterritorialweb.com.ar\/web\/wp-json\/wp\/v2\/posts"}],"about":[{"href":"https:\/\/elterritorialweb.com.ar\/web\/wp-json\/wp\/v2\/types\/post"}],"author":[{"embeddable":true,"href":"https:\/\/elterritorialweb.com.ar\/web\/wp-json\/wp\/v2\/users\/2"}],"replies":[{"embeddable":true,"href":"https:\/\/elterritorialweb.com.ar\/web\/wp-json\/wp\/v2\/comments?post=64130"}],"version-history":[{"count":1,"href":"https:\/\/elterritorialweb.com.ar\/web\/wp-json\/wp\/v2\/posts\/64130\/revisions"}],"predecessor-version":[{"id":64132,"href":"https:\/\/elterritorialweb.com.ar\/web\/wp-json\/wp\/v2\/posts\/64130\/revisions\/64132"}],"wp:featuredmedia":[{"embeddable":true,"href":"https:\/\/elterritorialweb.com.ar\/web\/wp-json\/wp\/v2\/media\/64131"}],"wp:attachment":[{"href":"https:\/\/elterritorialweb.com.ar\/web\/wp-json\/wp\/v2\/media?parent=64130"}],"wp:term":[{"taxonomy":"category","embeddable":true,"href":"https:\/\/elterritorialweb.com.ar\/web\/wp-json\/wp\/v2\/categories?post=64130"},{"taxonomy":"post_tag","embeddable":true,"href":"https:\/\/elterritorialweb.com.ar\/web\/wp-json\/wp\/v2\/tags?post=64130"}],"curies":[{"name":"wp","href":"https:\/\/api.w.org\/{rel}","templated":true}]}}