{"id":64133,"date":"2024-03-05T19:32:20","date_gmt":"2024-03-05T19:32:20","guid":{"rendered":"http:\/\/elterritorialweb.com.ar\/web\/?p=64133"},"modified":"2024-03-05T19:32:22","modified_gmt":"2024-03-05T19:32:22","slug":"el-municipio-dio-a-conocer-el-lom-ordinario-definitivo-2024-del-nivel-secundario-municipal","status":"publish","type":"post","link":"https:\/\/elterritorialweb.com.ar\/web\/el-municipio-dio-a-conocer-el-lom-ordinario-definitivo-2024-del-nivel-secundario-municipal\/","title":{"rendered":"EL MUNICIPIO DIO A CONOCER EL LOM ORDINARIO DEFINITIVO 2024 DEL NIVEL SECUNDARIO MUNICIPAL"},"content":{"rendered":"\n<p>A partir del lunes 11 a las 15:30 horas los interesados podr\u00e1n acceder a dicho listado para la cobertura de cargos y horas c\u00e1tedra correspondientes a la Escuela Secundaria Municipal N\u00b01 \u00abAda Nilda Alderete\u00bb.<br>La exhibici\u00f3n de este listado se realizar\u00e1 en el transparente de la Direcci\u00f3n de Cultura, ubicada en el primer piso de la sede de la Junta de Calificaci\u00f3n y Clasificaci\u00f3n, en Yrigoyen N\u00b0235 de la ciudad de La Banda.<br>Adem\u00e1s, se ofrecer\u00e1 un enlace en Google Drive y un c\u00f3digo QR para brindar opciones adicionales a los docentes del interior que no puedan asistir en persona por motivos personales.<br>En este sentido, a trav\u00e9s de la gesti\u00f3n del intendente Ing. Roger Nediani se trabaja activamente para fortalecer la educaci\u00f3n, asegurando un proceso de selecci\u00f3n de manera equitativa y de calidad para los educadores de la comunidad.<\/p>\n","protected":false},"excerpt":{"rendered":"<p>La Subsecretar\u00eda de Educaci\u00f3n y Cultura de la Municipalidad de La Banda, a trav\u00e9s de la Junta de Calificaciones y Clasificaciones del Nivel Secundario Municipal, informa a la docencia sobre la disponibilidad del Listado de Orden de M\u00e9rito Ordinario Municipal Definitivo 2024.<\/p>\n","protected":false},"author":2,"featured_media":64134,"comment_status":"open","ping_status":"open","sticky":false,"template":"","format":"standard","meta":{"om_disable_all_campaigns":false,"_monsterinsights_skip_tracking":false,"_monsterinsights_sitenote_active":false,"_monsterinsights_sitenote_note":"","_monsterinsights_sitenote_category":0,"_uf_show_specific_survey":0,"_uf_disable_surveys":false,"jetpack_post_was_ever_published":false,"_jetpack_newsletter_access":"","_jetpack_dont_email_post_to_subs":false,"_jetpack_newsletter_tier_id":0,"_jetpack_memberships_contains_paywalled_content":false,"_jetpack_memberships_contains_paid_content":false,"footnotes":"","jetpack_publicize_message":"","jetpack_publicize_feature_enabled":true,"jetpack_social_post_already_shared":true,"jetpack_social_options":{"image_generator_settings":{"template":"highway","default_image_id":0,"font":"","enabled":false},"version":2}},"categories":[9],"tags":[71],"class_list":["post-64133","post","type-post","status-publish","format-standard","has-post-thumbnail","hentry","category-banda","tag-municipalidad-de-la-banda"],"aioseo_notices":[],"views":16,"jetpack_publicize_connections":[],"jetpack_featured_media_url":"https:\/\/i0.wp.com\/elterritorialweb.com.ar\/web\/wp-content\/uploads\/2024\/03\/WhatsApp-Image-2024-03-05-at-13.14.27.jpeg?fit=1024%2C768&ssl=1","jetpack_sharing_enabled":true,"_links":{"self":[{"href":"https:\/\/elterritorialweb.com.ar\/web\/wp-json\/wp\/v2\/posts\/64133","targetHints":{"allow":["GET"]}}],"collection":[{"href":"https:\/\/elterritorialweb.com.ar\/web\/wp-json\/wp\/v2\/posts"}],"about":[{"href":"https:\/\/elterritorialweb.com.ar\/web\/wp-json\/wp\/v2\/types\/post"}],"author":[{"embeddable":true,"href":"https:\/\/elterritorialweb.com.ar\/web\/wp-json\/wp\/v2\/users\/2"}],"replies":[{"embeddable":true,"href":"https:\/\/elterritorialweb.com.ar\/web\/wp-json\/wp\/v2\/comments?post=64133"}],"version-history":[{"count":1,"href":"https:\/\/elterritorialweb.com.ar\/web\/wp-json\/wp\/v2\/posts\/64133\/revisions"}],"predecessor-version":[{"id":64135,"href":"https:\/\/elterritorialweb.com.ar\/web\/wp-json\/wp\/v2\/posts\/64133\/revisions\/64135"}],"wp:featuredmedia":[{"embeddable":true,"href":"https:\/\/elterritorialweb.com.ar\/web\/wp-json\/wp\/v2\/media\/64134"}],"wp:attachment":[{"href":"https:\/\/elterritorialweb.com.ar\/web\/wp-json\/wp\/v2\/media?parent=64133"}],"wp:term":[{"taxonomy":"category","embeddable":true,"href":"https:\/\/elterritorialweb.com.ar\/web\/wp-json\/wp\/v2\/categories?post=64133"},{"taxonomy":"post_tag","embeddable":true,"href":"https:\/\/elterritorialweb.com.ar\/web\/wp-json\/wp\/v2\/tags?post=64133"}],"curies":[{"name":"wp","href":"https:\/\/api.w.org\/{rel}","templated":true}]}}