{"id":64136,"date":"2024-03-06T14:45:03","date_gmt":"2024-03-06T14:45:03","guid":{"rendered":"https:\/\/elterritorialweb.com.ar\/web\/?p=64136"},"modified":"2024-03-06T14:45:06","modified_gmt":"2024-03-06T14:45:06","slug":"gabriel-rolon-llega-a-santiago-con-palabra-plena","status":"publish","type":"post","link":"https:\/\/elterritorialweb.com.ar\/web\/gabriel-rolon-llega-a-santiago-con-palabra-plena\/","title":{"rendered":"GABRIEL ROL\u00d3N LLEGA A SANTIAGO CON \u00abPALABRA PLENA\u00bb"},"content":{"rendered":"\n<p>Somos humanos en tanto habitamos un mundo de palabras. Un mundo lleno de seres y paisajes que no veremos jam\u00e1s, y sin embargo nos recorren. Dar la palabra es darse uno mismo, siempre y cuando no se trate de una palabra vac\u00eda. No siempre que hablamos decimos algo de nosotros. La \u00fanica palabra importante es la que lleva nuestra sangre. La que nos modifica una vez pronunciada. Esa es una palabra que nos compromete y nos define. Esa es una palabra plena. El mundo nos incita a hablar por hablar. Sin decir nada.<br>\u201cPalabra plena\u201d, en cambio, nos desaf\u00eda a pensar, a transitar el laberinto de nuestro propio enigma intentando evitar las trampas de la comodidad. Porque las cosas importantes de la vida son inc\u00f3modas.\u00a0Caminamos entre el amor y la p\u00e9rdida, la felicidad y la angustia, la esperanza y el deseo. Siempre de la mano de la palabra. La palabra es abismo. Es al mismo tiempo herramienta y conflicto. Comunicaci\u00f3n y malentendido. Verdad y mentira. Habitamos en la confusi\u00f3n. Y en esa confusi\u00f3n nos jugamos la vida.<\/p>\n\n\n\n<figure class=\"wp-block-image size-full\"><a href=\"https:\/\/i0.wp.com\/elterritorialweb.com.ar\/web\/wp-content\/uploads\/2024\/03\/IMG-20240304-WA0091.jpg?ssl=1\"><img data-recalc-dims=\"1\" decoding=\"async\" width=\"640\" height=\"604\" data-src=\"https:\/\/i0.wp.com\/elterritorialweb.com.ar\/web\/wp-content\/uploads\/2024\/03\/IMG-20240304-WA0091.jpg?resize=640%2C604&#038;ssl=1\" alt=\"\" class=\"wp-image-64138 lazyload\" data-srcset=\"https:\/\/i0.wp.com\/elterritorialweb.com.ar\/web\/wp-content\/uploads\/2024\/03\/IMG-20240304-WA0091.jpg?w=838&amp;ssl=1 838w, https:\/\/i0.wp.com\/elterritorialweb.com.ar\/web\/wp-content\/uploads\/2024\/03\/IMG-20240304-WA0091.jpg?resize=300%2C283&amp;ssl=1 300w, https:\/\/i0.wp.com\/elterritorialweb.com.ar\/web\/wp-content\/uploads\/2024\/03\/IMG-20240304-WA0091.jpg?resize=768%2C725&amp;ssl=1 768w\" data-sizes=\"(max-width: 640px) 100vw, 640px\" src=\"data:image\/svg+xml;base64,PHN2ZyB3aWR0aD0iMSIgaGVpZ2h0PSIxIiB4bWxucz0iaHR0cDovL3d3dy53My5vcmcvMjAwMC9zdmciPjwvc3ZnPg==\" style=\"--smush-placeholder-width: 640px; --smush-placeholder-aspect-ratio: 640\/604;\" \/><\/a><\/figure>\n\n\n\n<p>El Lic. Gabriel Rol\u00f3n, vuelve con una propuesta teatral imperdible, &#8216;Palabra Plena&#8217;, la obra que conmueve al pa\u00eds con m\u00e1s de 250 funciones con localidades agotadas, m\u00e1s de 150.000 espectadores que ya la vieron y llega a Sgo del Estero el Domingo 19 de Mayo a las 20hs en el Paraninfo de la UNSE. Las entradas est\u00e1n a la venta (efectivo y tarjetas) en boleteria del Teatro 25 de Mayo y Norteticket.com<\/p>\n","protected":false},"excerpt":{"rendered":"<p>Se presentar\u00e1 el domingo 19 de mayo a las 20 horas en el Paraninfo de la Unse.<\/p>\n","protected":false},"author":2,"featured_media":64137,"comment_status":"open","ping_status":"open","sticky":false,"template":"","format":"standard","meta":{"om_disable_all_campaigns":false,"_monsterinsights_skip_tracking":false,"_monsterinsights_sitenote_active":false,"_monsterinsights_sitenote_note":"","_monsterinsights_sitenote_category":0,"_uf_show_specific_survey":0,"_uf_disable_surveys":false,"jetpack_post_was_ever_published":false,"_jetpack_newsletter_access":"","_jetpack_dont_email_post_to_subs":false,"_jetpack_newsletter_tier_id":0,"_jetpack_memberships_contains_paywalled_content":false,"_jetpack_memberships_contains_paid_content":false,"footnotes":"","jetpack_publicize_message":"","jetpack_publicize_feature_enabled":true,"jetpack_social_post_already_shared":true,"jetpack_social_options":{"image_generator_settings":{"template":"highway","default_image_id":0,"font":"","enabled":false},"version":2}},"categories":[20],"tags":[944],"class_list":["post-64136","post","type-post","status-publish","format-standard","has-post-thumbnail","hentry","category-especysociales","tag-gabriel-rolon"],"aioseo_notices":[],"views":13,"jetpack_publicize_connections":[],"jetpack_featured_media_url":"https:\/\/i0.wp.com\/elterritorialweb.com.ar\/web\/wp-content\/uploads\/2024\/03\/gabriel-rolon-2018-final.jpg?fit=800%2C701&ssl=1","jetpack_sharing_enabled":true,"_links":{"self":[{"href":"https:\/\/elterritorialweb.com.ar\/web\/wp-json\/wp\/v2\/posts\/64136","targetHints":{"allow":["GET"]}}],"collection":[{"href":"https:\/\/elterritorialweb.com.ar\/web\/wp-json\/wp\/v2\/posts"}],"about":[{"href":"https:\/\/elterritorialweb.com.ar\/web\/wp-json\/wp\/v2\/types\/post"}],"author":[{"embeddable":true,"href":"https:\/\/elterritorialweb.com.ar\/web\/wp-json\/wp\/v2\/users\/2"}],"replies":[{"embeddable":true,"href":"https:\/\/elterritorialweb.com.ar\/web\/wp-json\/wp\/v2\/comments?post=64136"}],"version-history":[{"count":1,"href":"https:\/\/elterritorialweb.com.ar\/web\/wp-json\/wp\/v2\/posts\/64136\/revisions"}],"predecessor-version":[{"id":64139,"href":"https:\/\/elterritorialweb.com.ar\/web\/wp-json\/wp\/v2\/posts\/64136\/revisions\/64139"}],"wp:featuredmedia":[{"embeddable":true,"href":"https:\/\/elterritorialweb.com.ar\/web\/wp-json\/wp\/v2\/media\/64137"}],"wp:attachment":[{"href":"https:\/\/elterritorialweb.com.ar\/web\/wp-json\/wp\/v2\/media?parent=64136"}],"wp:term":[{"taxonomy":"category","embeddable":true,"href":"https:\/\/elterritorialweb.com.ar\/web\/wp-json\/wp\/v2\/categories?post=64136"},{"taxonomy":"post_tag","embeddable":true,"href":"https:\/\/elterritorialweb.com.ar\/web\/wp-json\/wp\/v2\/tags?post=64136"}],"curies":[{"name":"wp","href":"https:\/\/api.w.org\/{rel}","templated":true}]}}