{"id":64140,"date":"2024-03-06T17:38:15","date_gmt":"2024-03-06T17:38:15","guid":{"rendered":"http:\/\/elterritorialweb.com.ar\/web\/?p=64140"},"modified":"2024-03-06T17:38:22","modified_gmt":"2024-03-06T17:38:22","slug":"zamora-recibio-a-representantes-de-la-universidad-de-zaragoza","status":"publish","type":"post","link":"https:\/\/elterritorialweb.com.ar\/web\/zamora-recibio-a-representantes-de-la-universidad-de-zaragoza\/","title":{"rendered":"ZAMORA RECIBI\u00d3 A REPRESENTANTES DE LA UNIVERSIDAD DE ZARAGOZA"},"content":{"rendered":"\n<p>Estuvieron acompa\u00f1ados por el rector de la Universidad Cat\u00f3lica de Santiago del Estero (Ucse), Luis Lucena; el vocal del Superior Tribunal de Justicia, Eduardo Llugdar; el coordinador acad\u00e9mico del programa de Doctorado de la Universidad Zaragoza en Santiago del Estero, Pablo Lucatelli, y la presidenta de la Red Latinoamericana de Estudio e Investigaci\u00f3n de Derechos Humanos y Humanitarios, Erika Casagrande.<br>Los destacados profesionales espa\u00f1oles se encuentran en la Capital santiague\u00f1a para acompa\u00f1ar la tutor\u00eda final de los doctorandos al concluir sus tesis, que se realizaron en el marco de un convenio entre las universidades Cat\u00f3lica y de Zaragoza con el apoyo del Gobierno de la provincia, que consisti\u00f3 en el primer programa de doctorado europeo que se desarrolla en Argentina y Latinoam\u00e9rica.<br>Durante la reuni\u00f3n, el mandatario entreg\u00f3 presentes a los visitantes y recibi\u00f3 el libro\u00a0titulado \u00abEstudio de Derechos P\u00fablicos\u00bb, una compilaci\u00f3n de trabajos del curso de especializaci\u00f3n del posdoctorado.<br>En este marco, Irujo cont\u00f3 que en septiembre estar\u00e1n listas las tesis doctorales de los primeros egresados y destac\u00f3 la colaboraci\u00f3n del Estado Provincial, \u00abque ha sido fundamental en este proceso y que marc\u00f3 un hito en la vinculaci\u00f3n acad\u00e9mica con una universidad europea\u00bb.<br>Por su parte, Lucena resalt\u00f3 que ha sido \u00abuna experiencia in\u00e9dita para la universidad y la provincia\u00bb.<\/p>\n","protected":false},"excerpt":{"rendered":"<p>El gobernador Gerardo Zamora recibi\u00f3 este martes en el Sal\u00f3n de Acuerdos de Casa de Gobierno, la visita del reconocido catedr\u00e1tico espa\u00f1ol Antonio Embid Irujo y de la directora del programa de Doctorado, Luc\u00eda Molino Rubio, representantes de la Universidad de Zaragoza.<\/p>\n","protected":false},"author":2,"featured_media":64141,"comment_status":"open","ping_status":"open","sticky":false,"template":"","format":"standard","meta":{"om_disable_all_campaigns":false,"_monsterinsights_skip_tracking":false,"_monsterinsights_sitenote_active":false,"_monsterinsights_sitenote_note":"","_monsterinsights_sitenote_category":0,"_uf_show_specific_survey":0,"_uf_disable_surveys":false,"jetpack_post_was_ever_published":false,"_jetpack_newsletter_access":"","_jetpack_dont_email_post_to_subs":false,"_jetpack_newsletter_tier_id":0,"_jetpack_memberships_contains_paywalled_content":false,"_jetpack_memberships_contains_paid_content":false,"footnotes":"","jetpack_publicize_message":"","jetpack_publicize_feature_enabled":true,"jetpack_social_post_already_shared":true,"jetpack_social_options":{"image_generator_settings":{"template":"highway","default_image_id":0,"font":"","enabled":false},"version":2}},"categories":[21],"tags":[59,49],"class_list":["post-64140","post","type-post","status-publish","format-standard","has-post-thumbnail","hentry","category-locales","tag-gerardo-zamora","tag-gobierno-de-santiago-del-estero"],"aioseo_notices":[],"views":6,"jetpack_publicize_connections":[],"jetpack_featured_media_url":"https:\/\/i0.wp.com\/elterritorialweb.com.ar\/web\/wp-content\/uploads\/2024\/03\/ZAMORA-UNIVERSIDAD-ZARAGOZA.jpeg?fit=2560%2C1707&ssl=1","jetpack_sharing_enabled":true,"_links":{"self":[{"href":"https:\/\/elterritorialweb.com.ar\/web\/wp-json\/wp\/v2\/posts\/64140","targetHints":{"allow":["GET"]}}],"collection":[{"href":"https:\/\/elterritorialweb.com.ar\/web\/wp-json\/wp\/v2\/posts"}],"about":[{"href":"https:\/\/elterritorialweb.com.ar\/web\/wp-json\/wp\/v2\/types\/post"}],"author":[{"embeddable":true,"href":"https:\/\/elterritorialweb.com.ar\/web\/wp-json\/wp\/v2\/users\/2"}],"replies":[{"embeddable":true,"href":"https:\/\/elterritorialweb.com.ar\/web\/wp-json\/wp\/v2\/comments?post=64140"}],"version-history":[{"count":1,"href":"https:\/\/elterritorialweb.com.ar\/web\/wp-json\/wp\/v2\/posts\/64140\/revisions"}],"predecessor-version":[{"id":64142,"href":"https:\/\/elterritorialweb.com.ar\/web\/wp-json\/wp\/v2\/posts\/64140\/revisions\/64142"}],"wp:featuredmedia":[{"embeddable":true,"href":"https:\/\/elterritorialweb.com.ar\/web\/wp-json\/wp\/v2\/media\/64141"}],"wp:attachment":[{"href":"https:\/\/elterritorialweb.com.ar\/web\/wp-json\/wp\/v2\/media?parent=64140"}],"wp:term":[{"taxonomy":"category","embeddable":true,"href":"https:\/\/elterritorialweb.com.ar\/web\/wp-json\/wp\/v2\/categories?post=64140"},{"taxonomy":"post_tag","embeddable":true,"href":"https:\/\/elterritorialweb.com.ar\/web\/wp-json\/wp\/v2\/tags?post=64140"}],"curies":[{"name":"wp","href":"https:\/\/api.w.org\/{rel}","templated":true}]}}