{"id":64143,"date":"2024-03-06T17:45:55","date_gmt":"2024-03-06T17:45:55","guid":{"rendered":"http:\/\/elterritorialweb.com.ar\/web\/?p=64143"},"modified":"2024-03-06T17:45:58","modified_gmt":"2024-03-06T17:45:58","slug":"zamora-se-pronuncio-en-defensa-de-todos-los-puestos-de-trabajo-de-los-centros-de-referencia","status":"publish","type":"post","link":"https:\/\/elterritorialweb.com.ar\/web\/zamora-se-pronuncio-en-defensa-de-todos-los-puestos-de-trabajo-de-los-centros-de-referencia\/","title":{"rendered":"ZAMORA SE PRONUNCI\u00d3 EN DEFENSA DE TODOS LOS PUESTOS DE TRABAJO DE LOS CENTROS DE REFERENCIA"},"content":{"rendered":"\n<p>El mandatario\u00a0<strong>expres\u00f3 su voluntad de acompa\u00f1ar el pedido expresado en la nota que le fue alcanzada el d\u00eda de hoy y que se encuentra firmada por los 53 trabajadores, t\u00e9cnicos y profesionales que cuenta con m\u00e1s de 20 a\u00f1os de antig\u00fcedad<\/strong>\u00a0y que est\u00e1n ante la posibilidad de quedar sin su fuente laboral y sustento de sus familias.<\/p>\n\n\n\n<div data-wp-interactive=\"core\/file\" class=\"wp-block-file\"><object data-wp-bind--hidden=\"!state.hasPdfPreview\" hidden class=\"wp-block-file__embed\" data=\"http:\/\/elterritorialweb.com.ar\/web\/wp-content\/uploads\/2024\/03\/EN-DEFENSA-DE-TODOS-LOS-PUESTOS-DE-TRABAJOS-DE-LOS-CENTROS-DE-REFERENCIA.pdf\" type=\"application\/pdf\" style=\"width:100%;height:600px\" aria-label=\"Incrustado de EN-DEFENSA-DE-TODOS-LOS-PUESTOS-DE-TRABAJOS-DE-LOS-CENTROS-DE-REFERENCIA.\"><\/object><a id=\"wp-block-file--media-f8428b94-5ffd-4e2e-a331-6a04be1e9e7f\" href=\"http:\/\/elterritorialweb.com.ar\/web\/wp-content\/uploads\/2024\/03\/EN-DEFENSA-DE-TODOS-LOS-PUESTOS-DE-TRABAJOS-DE-LOS-CENTROS-DE-REFERENCIA.pdf\">EN-DEFENSA-DE-TODOS-LOS-PUESTOS-DE-TRABAJOS-DE-LOS-CENTROS-DE-REFERENCIA<\/a><a href=\"http:\/\/elterritorialweb.com.ar\/web\/wp-content\/uploads\/2024\/03\/EN-DEFENSA-DE-TODOS-LOS-PUESTOS-DE-TRABAJOS-DE-LOS-CENTROS-DE-REFERENCIA.pdf\" class=\"wp-block-file__button wp-element-button\" download aria-describedby=\"wp-block-file--media-f8428b94-5ffd-4e2e-a331-6a04be1e9e7f\">Descarga<\/a><\/div>\n","protected":false},"excerpt":{"rendered":"<p>El Gobernador Gerardo Zamora manifiesta su acompa\u00f1amiento a los trabajadores del Centro de Referencia de Santiago del Estero (CDR), ex Ministerio de Desarrollo Social de la Naci\u00f3n, del cual fuera anunciado su cierre\u00a0y el de los\u00a058 centros\u00a0restantes de todo el pa\u00eds, informado por las redes sociales.<\/p>\n","protected":false},"author":2,"featured_media":60217,"comment_status":"open","ping_status":"open","sticky":false,"template":"","format":"standard","meta":{"om_disable_all_campaigns":false,"_monsterinsights_skip_tracking":false,"_monsterinsights_sitenote_active":false,"_monsterinsights_sitenote_note":"","_monsterinsights_sitenote_category":0,"_uf_show_specific_survey":0,"_uf_disable_surveys":false,"jetpack_post_was_ever_published":false,"_jetpack_newsletter_access":"","_jetpack_dont_email_post_to_subs":false,"_jetpack_newsletter_tier_id":0,"_jetpack_memberships_contains_paywalled_content":false,"_jetpack_memberships_contains_paid_content":false,"footnotes":"","jetpack_publicize_message":"","jetpack_publicize_feature_enabled":true,"jetpack_social_post_already_shared":true,"jetpack_social_options":{"image_generator_settings":{"template":"highway","default_image_id":0,"font":"","enabled":false},"version":2}},"categories":[21],"tags":[59],"class_list":["post-64143","post","type-post","status-publish","format-standard","has-post-thumbnail","hentry","category-locales","tag-gerardo-zamora"],"aioseo_notices":[],"views":6,"jetpack_publicize_connections":[],"jetpack_featured_media_url":"https:\/\/i0.wp.com\/elterritorialweb.com.ar\/web\/wp-content\/uploads\/2023\/11\/gobernador-gerardo-zamora.jpg?fit=1200%2C675&ssl=1","jetpack_sharing_enabled":true,"_links":{"self":[{"href":"https:\/\/elterritorialweb.com.ar\/web\/wp-json\/wp\/v2\/posts\/64143","targetHints":{"allow":["GET"]}}],"collection":[{"href":"https:\/\/elterritorialweb.com.ar\/web\/wp-json\/wp\/v2\/posts"}],"about":[{"href":"https:\/\/elterritorialweb.com.ar\/web\/wp-json\/wp\/v2\/types\/post"}],"author":[{"embeddable":true,"href":"https:\/\/elterritorialweb.com.ar\/web\/wp-json\/wp\/v2\/users\/2"}],"replies":[{"embeddable":true,"href":"https:\/\/elterritorialweb.com.ar\/web\/wp-json\/wp\/v2\/comments?post=64143"}],"version-history":[{"count":1,"href":"https:\/\/elterritorialweb.com.ar\/web\/wp-json\/wp\/v2\/posts\/64143\/revisions"}],"predecessor-version":[{"id":64145,"href":"https:\/\/elterritorialweb.com.ar\/web\/wp-json\/wp\/v2\/posts\/64143\/revisions\/64145"}],"wp:featuredmedia":[{"embeddable":true,"href":"https:\/\/elterritorialweb.com.ar\/web\/wp-json\/wp\/v2\/media\/60217"}],"wp:attachment":[{"href":"https:\/\/elterritorialweb.com.ar\/web\/wp-json\/wp\/v2\/media?parent=64143"}],"wp:term":[{"taxonomy":"category","embeddable":true,"href":"https:\/\/elterritorialweb.com.ar\/web\/wp-json\/wp\/v2\/categories?post=64143"},{"taxonomy":"post_tag","embeddable":true,"href":"https:\/\/elterritorialweb.com.ar\/web\/wp-json\/wp\/v2\/tags?post=64143"}],"curies":[{"name":"wp","href":"https:\/\/api.w.org\/{rel}","templated":true}]}}