{"id":64149,"date":"2024-03-06T18:08:43","date_gmt":"2024-03-06T18:08:43","guid":{"rendered":"http:\/\/elterritorialweb.com.ar\/web\/?p=64149"},"modified":"2024-03-06T18:08:45","modified_gmt":"2024-03-06T18:08:45","slug":"empleadas-legislativas-realizaran-2-encuentro-de-emprendedoras-y-artesanas","status":"publish","type":"post","link":"https:\/\/elterritorialweb.com.ar\/web\/empleadas-legislativas-realizaran-2-encuentro-de-emprendedoras-y-artesanas\/","title":{"rendered":"EMPLEADAS LEGISLATIVAS REALIZAR\u00c1N 2\u00b0 ENCUENTRO DE EMPRENDEDORAS Y ARTESANAS"},"content":{"rendered":"\n<p>Recientemente la\u00a0<strong>C\u00e1mara de Diputados<\/strong>\u00a0declar\u00f3 de<strong>\u00a0Inter\u00e9s\u00a0Cultural, Gremial, Legislativo, Social y Provincial<\/strong>\u00a0este encuentro organizado por la\u00a0<strong>Secretar\u00eda de la Mujer de la Asociaci\u00f3n Sindical de Empleados Legislativos (ASEL)<\/strong>, con el acompa\u00f1amiento de l<strong>a Vicegobernaci\u00f3n, Presidencia Provisional de la Legislatura, Centro Cultural Art\u00edstico Legislativo y la Direcci\u00f3n de Asuntos Institucionales de la Honorable C\u00e1mara de Diputados.<\/strong><\/p>\n\n\n\n<p>Desde la organizaci\u00f3n, explicaron que<strong>&nbsp;\u201cel prop\u00f3sito de esta importante actividad es promover y promocionar las diferentes vocaciones, tareas y actividades de emprendedurismo que las empleadas legislativas realizan, generando un espacio de camarader\u00eda y compa\u00f1erismo\u201d.<\/strong><\/p>\n","protected":false},"excerpt":{"rendered":"<p>En el marco del D\u00eda Internacional de la Mujer, este viernes 8 de marzo, desde las 8, se realizar\u00e1 en el hall central de la C\u00e1mara de Diputados el 2\u00b0 Encuentro de Empleadas Legislativas Artesanas y Emprendedoras tendiente a promover y promocionar sus diferentes vocaciones, tareas y actividades entre la comunidad.<\/p>\n","protected":false},"author":2,"featured_media":64150,"comment_status":"open","ping_status":"open","sticky":false,"template":"","format":"standard","meta":{"om_disable_all_campaigns":false,"_monsterinsights_skip_tracking":false,"_monsterinsights_sitenote_active":false,"_monsterinsights_sitenote_note":"","_monsterinsights_sitenote_category":0,"_uf_show_specific_survey":0,"_uf_disable_surveys":false,"jetpack_post_was_ever_published":false,"_jetpack_newsletter_access":"","_jetpack_dont_email_post_to_subs":false,"_jetpack_newsletter_tier_id":0,"_jetpack_memberships_contains_paywalled_content":false,"_jetpack_memberships_contains_paid_content":false,"footnotes":"","jetpack_publicize_message":"","jetpack_publicize_feature_enabled":true,"jetpack_social_post_already_shared":true,"jetpack_social_options":{"image_generator_settings":{"template":"highway","default_image_id":0,"font":"","enabled":false},"version":2}},"categories":[21],"tags":[],"class_list":["post-64149","post","type-post","status-publish","format-standard","has-post-thumbnail","hentry","category-locales"],"aioseo_notices":[],"views":6,"jetpack_publicize_connections":[],"jetpack_featured_media_url":"https:\/\/i0.wp.com\/elterritorialweb.com.ar\/web\/wp-content\/uploads\/2024\/03\/artesanas.jpg?fit=900%2C441&ssl=1","jetpack_sharing_enabled":true,"_links":{"self":[{"href":"https:\/\/elterritorialweb.com.ar\/web\/wp-json\/wp\/v2\/posts\/64149","targetHints":{"allow":["GET"]}}],"collection":[{"href":"https:\/\/elterritorialweb.com.ar\/web\/wp-json\/wp\/v2\/posts"}],"about":[{"href":"https:\/\/elterritorialweb.com.ar\/web\/wp-json\/wp\/v2\/types\/post"}],"author":[{"embeddable":true,"href":"https:\/\/elterritorialweb.com.ar\/web\/wp-json\/wp\/v2\/users\/2"}],"replies":[{"embeddable":true,"href":"https:\/\/elterritorialweb.com.ar\/web\/wp-json\/wp\/v2\/comments?post=64149"}],"version-history":[{"count":1,"href":"https:\/\/elterritorialweb.com.ar\/web\/wp-json\/wp\/v2\/posts\/64149\/revisions"}],"predecessor-version":[{"id":64151,"href":"https:\/\/elterritorialweb.com.ar\/web\/wp-json\/wp\/v2\/posts\/64149\/revisions\/64151"}],"wp:featuredmedia":[{"embeddable":true,"href":"https:\/\/elterritorialweb.com.ar\/web\/wp-json\/wp\/v2\/media\/64150"}],"wp:attachment":[{"href":"https:\/\/elterritorialweb.com.ar\/web\/wp-json\/wp\/v2\/media?parent=64149"}],"wp:term":[{"taxonomy":"category","embeddable":true,"href":"https:\/\/elterritorialweb.com.ar\/web\/wp-json\/wp\/v2\/categories?post=64149"},{"taxonomy":"post_tag","embeddable":true,"href":"https:\/\/elterritorialweb.com.ar\/web\/wp-json\/wp\/v2\/tags?post=64149"}],"curies":[{"name":"wp","href":"https:\/\/api.w.org\/{rel}","templated":true}]}}