{"id":64154,"date":"2024-03-06T18:18:51","date_gmt":"2024-03-06T18:18:51","guid":{"rendered":"http:\/\/elterritorialweb.com.ar\/web\/?p=64154"},"modified":"2024-03-06T18:18:53","modified_gmt":"2024-03-06T18:18:53","slug":"el-secretario-de-seguridad-de-la-provincia-participo-del-primer-encuentro-nacional-del-consejo-de-seguridad-interior","status":"publish","type":"post","link":"https:\/\/elterritorialweb.com.ar\/web\/el-secretario-de-seguridad-de-la-provincia-participo-del-primer-encuentro-nacional-del-consejo-de-seguridad-interior\/","title":{"rendered":"EL SECRETARIO DE SEGURIDAD DE LA PROVINCIA PARTICIP\u00d3 DEL PRIMER ENCUENTRO NACIONAL DEL CONSEJO DE SEGURIDAD INTERIOR"},"content":{"rendered":"\n<p>Con la<strong>&nbsp;presencia de representantes de cada una de las 23 provincias argentinas y de la Ciudad de Buenos Aires<\/strong>, la Ministra de Seguridad,&nbsp;<strong>Dra. Patricia Bullrich,<\/strong>&nbsp;presidi\u00f3 el primer encuentro nacional del Consejo de Seguridad Interior de su gesti\u00f3n donde se generaron grupos operativos a fin de trabajar mancomunadamente en las investigaciones, realizando acuerdos en lo que refiere a las actuaciones complejas para mejorar la seguridad entre&nbsp;<strong>Naci\u00f3n, CABA y las 23 provincias argentinas<\/strong>.<\/p>\n\n\n\n<p>En la reuni\u00f3n se present\u00f3 tambi\u00e9n el&nbsp;<strong>\u201cAnillo Digital Federal\u201d<\/strong>, se conform\u00f3 una mesa de trabajo de an\u00e1lisis criminal y se debatieron y&nbsp;<strong>analizaron pol\u00edticas tendientes a fortalecer la lucha contra el narcotr\u00e1fico<\/strong>.<\/p>\n\n\n\n<figure class=\"wp-block-image size-full\"><a href=\"https:\/\/i0.wp.com\/elterritorialweb.com.ar\/web\/wp-content\/uploads\/2024\/03\/ENCUENTRO-DE-SEGURIDAD-1.jpg\"><img data-recalc-dims=\"1\" decoding=\"async\" width=\"640\" height=\"384\" data-src=\"https:\/\/i0.wp.com\/elterritorialweb.com.ar\/web\/wp-content\/uploads\/2024\/03\/ENCUENTRO-DE-SEGURIDAD-1.jpg?resize=640%2C384\" alt=\"\" class=\"wp-image-64155 lazyload\" data-srcset=\"https:\/\/i0.wp.com\/elterritorialweb.com.ar\/web\/wp-content\/uploads\/2024\/03\/ENCUENTRO-DE-SEGURIDAD-1.jpg?w=785&amp;ssl=1 785w, https:\/\/i0.wp.com\/elterritorialweb.com.ar\/web\/wp-content\/uploads\/2024\/03\/ENCUENTRO-DE-SEGURIDAD-1.jpg?resize=300%2C180&amp;ssl=1 300w, https:\/\/i0.wp.com\/elterritorialweb.com.ar\/web\/wp-content\/uploads\/2024\/03\/ENCUENTRO-DE-SEGURIDAD-1.jpg?resize=768%2C461&amp;ssl=1 768w\" data-sizes=\"(max-width: 640px) 100vw, 640px\" src=\"data:image\/svg+xml;base64,PHN2ZyB3aWR0aD0iMSIgaGVpZ2h0PSIxIiB4bWxucz0iaHR0cDovL3d3dy53My5vcmcvMjAwMC9zdmciPjwvc3ZnPg==\" style=\"--smush-placeholder-width: 640px; --smush-placeholder-aspect-ratio: 640\/384;\" \/><\/a><\/figure>\n\n\n\n<p>Se expuso adem\u00e1s la estrategia para la aplicaci\u00f3n de las Fuerzas Federales y su despliegue territorial, brindando detalles sobre el Plan Federal de Capacitaciones en materia de narcotr\u00e1fico y el Plan Federal de Inspecciones de precursores qu\u00edmicos.<\/p>\n\n\n\n<p>En materia de investigaci\u00f3n criminal, se informaron los avances y resultados del Sistema Federal de Comunicaciones Federales (SIFCOP) y del Comando Unificado Federal de Recaptura de Evadidos (CUFRE), as\u00ed como sobre la labor de Polic\u00eda Cient\u00edfica.<\/p>\n\n\n\n<p>A su vez, se brindaron detalles del trabajo realizado contra la Trata de Personas y Delitos contra la Integridad Sexual y present\u00f3 el Sistema Federal de B\u00fasqueda de Personas Desaparecidas y Extraviadas (SIFEBU). En lo que refiere a pol\u00edticas penitenciarias, se notificaron los avances de la aplicaci\u00f3n del protocolo de Alto Riesgo, al tiempo que se brindaron detalles del Plan de Entrega Voluntaria de Armas.<\/p>\n","protected":false},"excerpt":{"rendered":"<p>El Secretario de Seguridad Comisario General (R) David Marcelo Pato, particip\u00f3 en representaci\u00f3n del Gobierno de la Provincia de Santiago del Estero, de la primera Reuni\u00f3n Nacional del Consejo de Seguridad Interior, convocada por el Ministerio de Seguridad de la Naci\u00f3n, a cargo de la ministra Patricia Bullrich.<\/p>\n","protected":false},"author":2,"featured_media":64156,"comment_status":"open","ping_status":"open","sticky":false,"template":"","format":"standard","meta":{"om_disable_all_campaigns":false,"_monsterinsights_skip_tracking":false,"_monsterinsights_sitenote_active":false,"_monsterinsights_sitenote_note":"","_monsterinsights_sitenote_category":0,"_uf_show_specific_survey":0,"_uf_disable_surveys":false,"jetpack_post_was_ever_published":false,"_jetpack_newsletter_access":"","_jetpack_dont_email_post_to_subs":false,"_jetpack_newsletter_tier_id":0,"_jetpack_memberships_contains_paywalled_content":false,"_jetpack_memberships_contains_paid_content":false,"footnotes":"","jetpack_publicize_message":"","jetpack_publicize_feature_enabled":true,"jetpack_social_post_already_shared":true,"jetpack_social_options":{"image_generator_settings":{"template":"highway","default_image_id":0,"font":"","enabled":false},"version":2}},"categories":[21],"tags":[],"class_list":["post-64154","post","type-post","status-publish","format-standard","has-post-thumbnail","hentry","category-locales"],"aioseo_notices":[],"views":9,"jetpack_publicize_connections":[],"jetpack_featured_media_url":"https:\/\/i0.wp.com\/elterritorialweb.com.ar\/web\/wp-content\/uploads\/2024\/03\/ENCUENTRO-DE-SEGURIDAD.jpg?fit=1620%2C1080&ssl=1","jetpack_sharing_enabled":true,"_links":{"self":[{"href":"https:\/\/elterritorialweb.com.ar\/web\/wp-json\/wp\/v2\/posts\/64154","targetHints":{"allow":["GET"]}}],"collection":[{"href":"https:\/\/elterritorialweb.com.ar\/web\/wp-json\/wp\/v2\/posts"}],"about":[{"href":"https:\/\/elterritorialweb.com.ar\/web\/wp-json\/wp\/v2\/types\/post"}],"author":[{"embeddable":true,"href":"https:\/\/elterritorialweb.com.ar\/web\/wp-json\/wp\/v2\/users\/2"}],"replies":[{"embeddable":true,"href":"https:\/\/elterritorialweb.com.ar\/web\/wp-json\/wp\/v2\/comments?post=64154"}],"version-history":[{"count":1,"href":"https:\/\/elterritorialweb.com.ar\/web\/wp-json\/wp\/v2\/posts\/64154\/revisions"}],"predecessor-version":[{"id":64157,"href":"https:\/\/elterritorialweb.com.ar\/web\/wp-json\/wp\/v2\/posts\/64154\/revisions\/64157"}],"wp:featuredmedia":[{"embeddable":true,"href":"https:\/\/elterritorialweb.com.ar\/web\/wp-json\/wp\/v2\/media\/64156"}],"wp:attachment":[{"href":"https:\/\/elterritorialweb.com.ar\/web\/wp-json\/wp\/v2\/media?parent=64154"}],"wp:term":[{"taxonomy":"category","embeddable":true,"href":"https:\/\/elterritorialweb.com.ar\/web\/wp-json\/wp\/v2\/categories?post=64154"},{"taxonomy":"post_tag","embeddable":true,"href":"https:\/\/elterritorialweb.com.ar\/web\/wp-json\/wp\/v2\/tags?post=64154"}],"curies":[{"name":"wp","href":"https:\/\/api.w.org\/{rel}","templated":true}]}}