{"id":64158,"date":"2024-03-06T18:24:58","date_gmt":"2024-03-06T18:24:58","guid":{"rendered":"http:\/\/elterritorialweb.com.ar\/web\/?p=64158"},"modified":"2024-03-06T18:25:00","modified_gmt":"2024-03-06T18:25:00","slug":"el-ersac-y-cooperativas-de-agua-del-interior-mnatuvieron-una-importante-reunion","status":"publish","type":"post","link":"https:\/\/elterritorialweb.com.ar\/web\/el-ersac-y-cooperativas-de-agua-del-interior-mnatuvieron-una-importante-reunion\/","title":{"rendered":"EL ERSAC Y COOPERATIVAS DE AGUA DEL INTERIOR MNATUVIERON UNA IMPORTANTE REUNI\u00d3N"},"content":{"rendered":"\n<p>La reuni\u00f3n estuvo presidida por el director de ERSAC,\u00a0<strong>Juan Domingo Roitman<\/strong>\u00a0y los presidente de las cooperativas presentes: de Fern\u00e1ndez,\u00a0<strong>Leonardo Fern\u00e1ndez<\/strong>; de Ojo de Agua,<strong>\u00a0Pablo Portoreal<\/strong>; de Zanj\u00f3n,\u00a0<strong>Juan Fiad<\/strong>; de Beltr\u00e1n,\u00a0<strong>Laura D\u00edaz<\/strong>\u00a0y de Forres,\u00a0<strong>Alejandro Petrovich<\/strong>.<\/p>\n\n\n\n<p>Haciendo alusi\u00f3n al encuentro,<strong>\u00a0Roitman destac\u00f3: \u201cTenemos todo el apoyo del Gobierno de la provincia para solucionar cualquier problema, es decir, no se va a quedar sin agua la gente<\/strong>, pero tenemos que ayudar de parte de los usuarios para que esto pueda funcionar de la mejor manera\u201d.<\/p>\n\n\n\n<p>Por su parte,<strong>\u00a0Leonardo Fern\u00e1ndez, referente de la ciudad de Fern\u00e1ndez y en nombre de sus pares resalt\u00f3 el acompa\u00f1amiento del Ente Regulador \u201cpara poder plantear las problem\u00e1ticas de cada uno y buscar las mejores soluciones<\/strong>, obviamente, contemplando la situaci\u00f3n del socio y buscando alternativas para que esto no conlleve otros problemas y poder cubrir los gastos operativos mensuales que tenemos\u201d manifest\u00f3.<\/p>\n\n\n\n<p>Adem\u00e1s, expres\u00f3 que en\u00a0<strong>los pr\u00f3ximos d\u00edas seguir\u00e1n las reuniones junto a los directivos del Ersac y otras cooperativas para seguir dialogando y analizando la situaci\u00f3n que se avecina en los meses venideros<\/strong>.<\/p>\n","protected":false},"excerpt":{"rendered":"<p>Durante la ma\u00f1ana de este mi\u00e9rcoles se llev\u00f3 a cabo una importante reuni\u00f3n en la sede del ERSAC (Ente Regulador de los Servicios de Agua y Cloacas de Santiago del Estero) con Cooperativas de agua del interior con el objetivo de analizar, coordinar y buscar estrategias en com\u00fan para poder afrontar los gastos a futuro y as\u00ed poder brindar un eficiente servicio de agua para todos los ciudadanos santiague\u00f1os.<\/p>\n","protected":false},"author":2,"featured_media":64159,"comment_status":"open","ping_status":"open","sticky":false,"template":"","format":"standard","meta":{"om_disable_all_campaigns":false,"_monsterinsights_skip_tracking":false,"_monsterinsights_sitenote_active":false,"_monsterinsights_sitenote_note":"","_monsterinsights_sitenote_category":0,"_uf_show_specific_survey":0,"_uf_disable_surveys":false,"jetpack_post_was_ever_published":false,"_jetpack_newsletter_access":"","_jetpack_dont_email_post_to_subs":false,"_jetpack_newsletter_tier_id":0,"_jetpack_memberships_contains_paywalled_content":false,"_jetpack_memberships_contains_paid_content":false,"footnotes":"","jetpack_publicize_message":"","jetpack_publicize_feature_enabled":true,"jetpack_social_post_already_shared":true,"jetpack_social_options":{"image_generator_settings":{"template":"highway","default_image_id":0,"font":"","enabled":false},"version":2}},"categories":[21],"tags":[946],"class_list":["post-64158","post","type-post","status-publish","format-standard","has-post-thumbnail","hentry","category-locales","tag-ersac"],"aioseo_notices":[],"views":16,"jetpack_publicize_connections":[],"jetpack_featured_media_url":"https:\/\/i0.wp.com\/elterritorialweb.com.ar\/web\/wp-content\/uploads\/2024\/03\/Ersac-y-coopetrativa.jpeg?fit=1280%2C853&ssl=1","jetpack_sharing_enabled":true,"_links":{"self":[{"href":"https:\/\/elterritorialweb.com.ar\/web\/wp-json\/wp\/v2\/posts\/64158","targetHints":{"allow":["GET"]}}],"collection":[{"href":"https:\/\/elterritorialweb.com.ar\/web\/wp-json\/wp\/v2\/posts"}],"about":[{"href":"https:\/\/elterritorialweb.com.ar\/web\/wp-json\/wp\/v2\/types\/post"}],"author":[{"embeddable":true,"href":"https:\/\/elterritorialweb.com.ar\/web\/wp-json\/wp\/v2\/users\/2"}],"replies":[{"embeddable":true,"href":"https:\/\/elterritorialweb.com.ar\/web\/wp-json\/wp\/v2\/comments?post=64158"}],"version-history":[{"count":1,"href":"https:\/\/elterritorialweb.com.ar\/web\/wp-json\/wp\/v2\/posts\/64158\/revisions"}],"predecessor-version":[{"id":64160,"href":"https:\/\/elterritorialweb.com.ar\/web\/wp-json\/wp\/v2\/posts\/64158\/revisions\/64160"}],"wp:featuredmedia":[{"embeddable":true,"href":"https:\/\/elterritorialweb.com.ar\/web\/wp-json\/wp\/v2\/media\/64159"}],"wp:attachment":[{"href":"https:\/\/elterritorialweb.com.ar\/web\/wp-json\/wp\/v2\/media?parent=64158"}],"wp:term":[{"taxonomy":"category","embeddable":true,"href":"https:\/\/elterritorialweb.com.ar\/web\/wp-json\/wp\/v2\/categories?post=64158"},{"taxonomy":"post_tag","embeddable":true,"href":"https:\/\/elterritorialweb.com.ar\/web\/wp-json\/wp\/v2\/tags?post=64158"}],"curies":[{"name":"wp","href":"https:\/\/api.w.org\/{rel}","templated":true}]}}