{"id":64166,"date":"2024-03-06T18:42:58","date_gmt":"2024-03-06T18:42:58","guid":{"rendered":"http:\/\/elterritorialweb.com.ar\/web\/?p=64166"},"modified":"2024-03-06T18:43:01","modified_gmt":"2024-03-06T18:43:01","slug":"organizan-el-1-operativo-de-salud-sexual-integral","status":"publish","type":"post","link":"https:\/\/elterritorialweb.com.ar\/web\/organizan-el-1-operativo-de-salud-sexual-integral\/","title":{"rendered":"ORGANIZAN EL \u201c1\u00b0 OPERATIVO DE SALUD SEXUAL INTEGRAL\u201d"},"content":{"rendered":"\n<p>A lo largo de la jornada se realizar\u00e1n diferentes actividades, como la\u00a0<strong>colocaci\u00f3n y extracci\u00f3n de implantes subd\u00e9rmicos<\/strong>,\u00a0<strong>consejer\u00edas en salud sexual y reproductiva, capacitaciones a profesionales de salud, juegos y talleres<\/strong>, de igual manera se ense\u00f1ar\u00e1 acerca del uso de la\u00a0<strong>copa menstrual\u00a0<\/strong>y luego se har\u00e1 entrega de las mismas.<\/p>\n\n\n\n<p>El operativo se llevar\u00e1 a cabo el d\u00eda viernes<strong>&nbsp;8\/03 en la UPA N\u00b0 25 del B\u00b0 Bel\u00e9n<\/strong>&nbsp;y est\u00e1 destinado a mujeres de&nbsp;<strong>entre 13 y 30 a\u00f1os<\/strong>. Se brindar\u00e1n&nbsp;<strong>30 turnos<\/strong>&nbsp;y se deben solicitar de manera presencial en la&nbsp;<strong>UPA (Mza 14 B\u00b0 Bel\u00e9n)<\/strong>&nbsp;o virtual por WhatsApp al&nbsp;<strong>3855770549<\/strong>.<\/p>\n","protected":false},"excerpt":{"rendered":"<p>En conmemoraci\u00f3n del D\u00eda Internacional de la Mujer, a celebrarse el d\u00eda 8 de marzo, se llevar\u00e1 a cabo un operativo de salud sexual integral en la Ciudad Capital. El mismo fue organizado desde las Direcciones de Atenci\u00f3n Primaria de la Salud y de Maternidad e Infancia del Ministerio de Salud de la Provincia.<\/p>\n","protected":false},"author":2,"featured_media":64167,"comment_status":"open","ping_status":"open","sticky":false,"template":"","format":"standard","meta":{"om_disable_all_campaigns":false,"_monsterinsights_skip_tracking":false,"_monsterinsights_sitenote_active":false,"_monsterinsights_sitenote_note":"","_monsterinsights_sitenote_category":0,"_uf_show_specific_survey":0,"_uf_disable_surveys":false,"jetpack_post_was_ever_published":false,"_jetpack_newsletter_access":"","_jetpack_dont_email_post_to_subs":false,"_jetpack_newsletter_tier_id":0,"_jetpack_memberships_contains_paywalled_content":false,"_jetpack_memberships_contains_paid_content":false,"footnotes":"","jetpack_publicize_message":"","jetpack_publicize_feature_enabled":true,"jetpack_social_post_already_shared":true,"jetpack_social_options":{"image_generator_settings":{"template":"highway","default_image_id":0,"font":"","enabled":false},"version":2}},"categories":[3],"tags":[],"class_list":["post-64166","post","type-post","status-publish","format-standard","has-post-thumbnail","hentry","category-salud"],"aioseo_notices":[],"views":10,"jetpack_publicize_connections":[],"jetpack_featured_media_url":"https:\/\/i0.wp.com\/elterritorialweb.com.ar\/web\/wp-content\/uploads\/2024\/03\/UPA-BARRIO-BELEN.jpg?fit=960%2C540&ssl=1","jetpack_sharing_enabled":true,"_links":{"self":[{"href":"https:\/\/elterritorialweb.com.ar\/web\/wp-json\/wp\/v2\/posts\/64166","targetHints":{"allow":["GET"]}}],"collection":[{"href":"https:\/\/elterritorialweb.com.ar\/web\/wp-json\/wp\/v2\/posts"}],"about":[{"href":"https:\/\/elterritorialweb.com.ar\/web\/wp-json\/wp\/v2\/types\/post"}],"author":[{"embeddable":true,"href":"https:\/\/elterritorialweb.com.ar\/web\/wp-json\/wp\/v2\/users\/2"}],"replies":[{"embeddable":true,"href":"https:\/\/elterritorialweb.com.ar\/web\/wp-json\/wp\/v2\/comments?post=64166"}],"version-history":[{"count":1,"href":"https:\/\/elterritorialweb.com.ar\/web\/wp-json\/wp\/v2\/posts\/64166\/revisions"}],"predecessor-version":[{"id":64168,"href":"https:\/\/elterritorialweb.com.ar\/web\/wp-json\/wp\/v2\/posts\/64166\/revisions\/64168"}],"wp:featuredmedia":[{"embeddable":true,"href":"https:\/\/elterritorialweb.com.ar\/web\/wp-json\/wp\/v2\/media\/64167"}],"wp:attachment":[{"href":"https:\/\/elterritorialweb.com.ar\/web\/wp-json\/wp\/v2\/media?parent=64166"}],"wp:term":[{"taxonomy":"category","embeddable":true,"href":"https:\/\/elterritorialweb.com.ar\/web\/wp-json\/wp\/v2\/categories?post=64166"},{"taxonomy":"post_tag","embeddable":true,"href":"https:\/\/elterritorialweb.com.ar\/web\/wp-json\/wp\/v2\/tags?post=64166"}],"curies":[{"name":"wp","href":"https:\/\/api.w.org\/{rel}","templated":true}]}}