{"id":64169,"date":"2024-03-06T19:00:28","date_gmt":"2024-03-06T19:00:28","guid":{"rendered":"http:\/\/elterritorialweb.com.ar\/web\/?p=64169"},"modified":"2024-03-06T19:00:34","modified_gmt":"2024-03-06T19:00:34","slug":"milei-inauguro-el-ciclo-lectivo-2024-la-educacion-publica-es-un-mecanismo-de-lavado-de-cerebro","status":"publish","type":"post","link":"https:\/\/elterritorialweb.com.ar\/web\/milei-inauguro-el-ciclo-lectivo-2024-la-educacion-publica-es-un-mecanismo-de-lavado-de-cerebro\/","title":{"rendered":"MILEI INAUGUR\u00d3 EL CICLO LECTIVO 2024: \u00abLA EDUCACI\u00d3N P\u00daBLICA ES UN MECANISMO DE LAVADO DE CEREBRO\u00bb"},"content":{"rendered":"\n<p>El presidente<strong>\u00a0Javier Milei atac\u00f3 la educaci\u00f3n p\u00fablica en la apertura del ciclo lectivo 2024 al asegurar que \u201ces un mecanismo de lavado de cerebro\u00bb<\/strong>. El mandatario eligi\u00f3 hacerlo desde el Colegio Cardenal Copello de Villa Devoto,\u00a0<strong>una instituci\u00f3n privada, siendo esta decisi\u00f3n todo un mensaje<\/strong>. Fue el establecimiento donde \u00e9l mismo se egres\u00f3 y donde tambi\u00e9n asisti\u00f3 su hermana Karina, quien se recibi\u00f3 dos a\u00f1os m\u00e1s tarde.<\/p>\n\n\n\n<p>En un extenso discurso que dur\u00f3 m\u00e1s de una hora, apenas m\u00e1s corto que el que brind\u00f3 en la C\u00e1mara de Diputados en la apertura de las sesiones ordinarias, el Presidente hizo un repaso por su adolescencia, sus d\u00edas en la primaria y en la secundaria, record\u00f3 a alguno de sus docentes y habl\u00f3 de la econom\u00eda del pa\u00eds.<\/p>\n\n\n\n<p>\u00abHay que dejar de darle pescado a la gente y ense\u00f1arle a pescar. Que cada uno est\u00e9 en condiciones de aprender a tener su propio alimento y autosustentarse. Cuando uno le regala el pescado es una r\u00e9mora de la esclavitud\u00bb, destac\u00f3 Milei durante un pasaje de su discurso.<\/p>\n\n\n\n<p>En medio de la falta de acuerdo de paritaria docente, el Presidente se present\u00f3 en la escuela privada para poder dar inicio al a\u00f1o 2024 y asegur\u00f3 que \u00ab<strong>los j\u00f3venes llevan menos tiempo expuestos al mecanismo de lavado de cerebro que es la educaci\u00f3n p\u00fablica<\/strong>&nbsp;independientemente que sea estatal o privada\u00bb.<\/p>\n\n\n\n<p>Tambi\u00e9n se refiri\u00f3 a la econom\u00eda y su recorrido como presidente en estos meses: \u00abRecortamos un mont\u00f3n de privilegios que ten\u00eda la casta. Nosotros ten\u00edamos como objetivo alcanzar el d\u00e9ficit cero en el a\u00f1o, pero fue tan fuerte lo que empezamos a hacer que pudimos llegar al equilibrio financiero en enero\u201d.<\/p>\n\n\n\n<p>\u201cLa ministra de Capital Humano es una m\u00e1quina de encontrar curros. Tiene una divisi\u00f3n anticorrupci\u00f3n y todas las semanas se instala en un piso nuevo y hace unos quilombos de novela. Nosotros somos el primer pa\u00eds en el mundo que desarrolla un Ministerio de Capital Humano donde el concepto de la asistencia social es que deje de darle el pescado a la gente para ense\u00f1arle a pescar, crear individuos libres para que se puedan autosustentar\u201d, agreg\u00f3.<\/p>\n\n\n\n<p>Luego se refiri\u00f3 al inicio de su gesti\u00f3n como diputado en 2021: \u00abAl poco de asumir, a mi hermana brillantemente se le ocurri\u00f3 que sorte\u00e1ramos la dieta del Estado, y eso termin\u00f3 siendo tapa de diarios en 30 pa\u00edses del mundo. No exist\u00eda el evento de que un pol\u00edtico le devolviera la plata a la gente\u201d.<\/p>\n\n\n\n<p>Por \u00faltimo, explic\u00f3 los valores que le dej\u00f3 estar en el colegio y le pidi\u00f3 a los alumnos que \u00ab<strong>sean \u00edntegros, hagan lo que hagan.\u00a0<\/strong>Pelen por sus ideales. Ojal\u00e1 cada vez que les toca un profesor, maestro, considere que su materia es la mejor de todas porque se los va a ense\u00f1ar con pasi\u00f3n\u00bb.<\/p>\n\n\n\n<figure class=\"wp-block-embed is-type-video is-provider-youtube wp-block-embed-youtube wp-embed-aspect-16-9 wp-has-aspect-ratio\"><div class=\"wp-block-embed__wrapper\">\n<iframe title=\"El Presidente Javier Milei en la apertura ciclo lectivo 2024 del Colegio Cardenal Copello\" width=\"640\" height=\"360\" data-src=\"https:\/\/www.youtube.com\/embed\/_5J_esC_YnI?feature=oembed\" frameborder=\"0\" allow=\"accelerometer; autoplay; clipboard-write; encrypted-media; gyroscope; picture-in-picture; web-share\" referrerpolicy=\"strict-origin-when-cross-origin\" allowfullscreen src=\"data:image\/svg+xml;base64,PHN2ZyB3aWR0aD0iMSIgaGVpZ2h0PSIxIiB4bWxucz0iaHR0cDovL3d3dy53My5vcmcvMjAwMC9zdmciPjwvc3ZnPg==\" class=\"lazyload\" data-load-mode=\"1\"><\/iframe>\n<\/div><\/figure>\n","protected":false},"excerpt":{"rendered":"<p>El Presidente lleg\u00f3 al Colegio Cardenal Copello de Villa Devoto, donde fue alumno, junto con su hermana con Karina Milei y dio un extenso discurso, apenas m\u00e1s corto que el que pronunci\u00f3 en la C\u00e1mara de Diputados para la apertura de sesiones ordinarias.<\/p>\n","protected":false},"author":2,"featured_media":64170,"comment_status":"open","ping_status":"open","sticky":false,"template":"","format":"standard","meta":{"om_disable_all_campaigns":false,"_monsterinsights_skip_tracking":false,"_monsterinsights_sitenote_active":false,"_monsterinsights_sitenote_note":"","_monsterinsights_sitenote_category":0,"_uf_show_specific_survey":0,"_uf_disable_surveys":false,"jetpack_post_was_ever_published":false,"_jetpack_newsletter_access":"","_jetpack_dont_email_post_to_subs":false,"_jetpack_newsletter_tier_id":0,"_jetpack_memberships_contains_paywalled_content":false,"_jetpack_memberships_contains_paid_content":false,"footnotes":"","jetpack_publicize_message":"","jetpack_publicize_feature_enabled":true,"jetpack_social_post_already_shared":true,"jetpack_social_options":{"image_generator_settings":{"template":"highway","default_image_id":0,"font":"","enabled":false},"version":2}},"categories":[4,7],"tags":[941,92,687],"class_list":["post-64169","post","type-post","status-publish","format-standard","has-post-thumbnail","hentry","category-destacadas","category-nacionales","tag-ciclo-lectivo-2024","tag-javier-milei","tag-la-libertad-avanza"],"aioseo_notices":[],"views":20,"jetpack_publicize_connections":[],"jetpack_featured_media_url":"https:\/\/i0.wp.com\/elterritorialweb.com.ar\/web\/wp-content\/uploads\/2024\/03\/MILEI-CICLO-LECTIVO-2024.jpg?fit=760%2C469&ssl=1","jetpack_sharing_enabled":true,"_links":{"self":[{"href":"https:\/\/elterritorialweb.com.ar\/web\/wp-json\/wp\/v2\/posts\/64169","targetHints":{"allow":["GET"]}}],"collection":[{"href":"https:\/\/elterritorialweb.com.ar\/web\/wp-json\/wp\/v2\/posts"}],"about":[{"href":"https:\/\/elterritorialweb.com.ar\/web\/wp-json\/wp\/v2\/types\/post"}],"author":[{"embeddable":true,"href":"https:\/\/elterritorialweb.com.ar\/web\/wp-json\/wp\/v2\/users\/2"}],"replies":[{"embeddable":true,"href":"https:\/\/elterritorialweb.com.ar\/web\/wp-json\/wp\/v2\/comments?post=64169"}],"version-history":[{"count":1,"href":"https:\/\/elterritorialweb.com.ar\/web\/wp-json\/wp\/v2\/posts\/64169\/revisions"}],"predecessor-version":[{"id":64171,"href":"https:\/\/elterritorialweb.com.ar\/web\/wp-json\/wp\/v2\/posts\/64169\/revisions\/64171"}],"wp:featuredmedia":[{"embeddable":true,"href":"https:\/\/elterritorialweb.com.ar\/web\/wp-json\/wp\/v2\/media\/64170"}],"wp:attachment":[{"href":"https:\/\/elterritorialweb.com.ar\/web\/wp-json\/wp\/v2\/media?parent=64169"}],"wp:term":[{"taxonomy":"category","embeddable":true,"href":"https:\/\/elterritorialweb.com.ar\/web\/wp-json\/wp\/v2\/categories?post=64169"},{"taxonomy":"post_tag","embeddable":true,"href":"https:\/\/elterritorialweb.com.ar\/web\/wp-json\/wp\/v2\/tags?post=64169"}],"curies":[{"name":"wp","href":"https:\/\/api.w.org\/{rel}","templated":true}]}}