{"id":64172,"date":"2024-03-06T19:11:35","date_gmt":"2024-03-06T19:11:35","guid":{"rendered":"http:\/\/elterritorialweb.com.ar\/web\/?p=64172"},"modified":"2024-03-06T19:13:00","modified_gmt":"2024-03-06T19:13:00","slug":"gabriel-rolon-agrego-una-nueva-funcion-de-palabra-plena","status":"publish","type":"post","link":"https:\/\/elterritorialweb.com.ar\/web\/gabriel-rolon-agrego-una-nueva-funcion-de-palabra-plena\/","title":{"rendered":"GABRIEL ROL\u00d3N AGREG\u00d3 UNA NUEVA FUNCI\u00d3N DE \u00abPALABRA PLENA\u00bb"},"content":{"rendered":"\n<p>La obra es una especie de mix, porque antes ten\u00eda un formato m\u00e1s mon\u00f3logo y ahora Rol\u00f3n desarrolla muchas tem\u00e1ticas, de la angustia de la p\u00e9rdida, del duelo, c\u00f3mo se hace para salir de situaciones traum\u00e1ticas, etc. Es una obra con mucho contenido, pero para ejemplificar cada contenido, se relata de una manera teatral un caso cl\u00ednico.&nbsp;En este caso, se trata de Carlos Nieto, director de la obra, que hace de paciente y muestra qu\u00e9 es lo que se hace dentro del consultorio, con acompa\u00f1amiento musical de Gabriel Mores.&nbsp;<br>\u00abEs una obra que estoy muy feliz de hacer\u00bb, expres\u00f3 Rol\u00f3n, y aclar\u00f3 que lo que se muestra sobre el escenario son siempre adaptaciones teatrales de un caso real.&nbsp;<br>\u00abMuchas veces me han preguntado si la palabra cura, y como analista es todo lo que tengo, yo no puedo decir \u00bbtraeme una tomograf\u00eda\u00bb, por ejemplo. Yo solo tengo la palabra del paciente, y eso es fundamental Pero hay que llevarlo a un territorio distinto de la palabra: porque est\u00e1 la palabra de v\u00ednculo social, que no dice mucho, y la palabra plena\u00bb, explica.&nbsp;<br>El Lic. Gabriel Rol\u00f3n, vuelve con una propuesta teatral imperdible, &#8216;Palabra Plena&#8217;, la obra que conmueve al pa\u00eds con m\u00e1s de 250 funciones con localidades agotadas, m\u00e1s de 150.000 espectadores que ya la vieron y agreg\u00f3 una nueva funci\u00f3n Domingo 19 de Mayo a las 17.30hs en el Paraninfo de la UNSE. Las entradas est\u00e1n a la venta (efectivo y tarjetas) en boleteria del Teatro 25 de Mayo y Norteticket.com<\/p>\n","protected":false},"excerpt":{"rendered":"<p>Tras agotar las entradas, agreg\u00f3 una nueva funci\u00f3n a las 17.30 horas, el domingo 19 de mayo en el Paraninfo de la Unse.<\/p>\n","protected":false},"author":2,"featured_media":64173,"comment_status":"open","ping_status":"open","sticky":false,"template":"","format":"standard","meta":{"om_disable_all_campaigns":false,"_monsterinsights_skip_tracking":false,"_monsterinsights_sitenote_active":false,"_monsterinsights_sitenote_note":"","_monsterinsights_sitenote_category":0,"_uf_show_specific_survey":0,"_uf_disable_surveys":false,"jetpack_post_was_ever_published":false,"_jetpack_newsletter_access":"","_jetpack_dont_email_post_to_subs":false,"_jetpack_newsletter_tier_id":0,"_jetpack_memberships_contains_paywalled_content":false,"_jetpack_memberships_contains_paid_content":false,"footnotes":"","jetpack_publicize_message":"","jetpack_publicize_feature_enabled":true,"jetpack_social_post_already_shared":true,"jetpack_social_options":{"image_generator_settings":{"template":"highway","default_image_id":0,"font":"","enabled":false},"version":2}},"categories":[4,20],"tags":[944],"class_list":["post-64172","post","type-post","status-publish","format-standard","has-post-thumbnail","hentry","category-destacadas","category-especysociales","tag-gabriel-rolon"],"aioseo_notices":[],"views":19,"jetpack_publicize_connections":[],"jetpack_featured_media_url":"https:\/\/i0.wp.com\/elterritorialweb.com.ar\/web\/wp-content\/uploads\/2024\/03\/gabriel-rolon-e1709752372796.jpeg?fit=1080%2C977&ssl=1","jetpack_sharing_enabled":true,"_links":{"self":[{"href":"https:\/\/elterritorialweb.com.ar\/web\/wp-json\/wp\/v2\/posts\/64172","targetHints":{"allow":["GET"]}}],"collection":[{"href":"https:\/\/elterritorialweb.com.ar\/web\/wp-json\/wp\/v2\/posts"}],"about":[{"href":"https:\/\/elterritorialweb.com.ar\/web\/wp-json\/wp\/v2\/types\/post"}],"author":[{"embeddable":true,"href":"https:\/\/elterritorialweb.com.ar\/web\/wp-json\/wp\/v2\/users\/2"}],"replies":[{"embeddable":true,"href":"https:\/\/elterritorialweb.com.ar\/web\/wp-json\/wp\/v2\/comments?post=64172"}],"version-history":[{"count":1,"href":"https:\/\/elterritorialweb.com.ar\/web\/wp-json\/wp\/v2\/posts\/64172\/revisions"}],"predecessor-version":[{"id":64174,"href":"https:\/\/elterritorialweb.com.ar\/web\/wp-json\/wp\/v2\/posts\/64172\/revisions\/64174"}],"wp:featuredmedia":[{"embeddable":true,"href":"https:\/\/elterritorialweb.com.ar\/web\/wp-json\/wp\/v2\/media\/64173"}],"wp:attachment":[{"href":"https:\/\/elterritorialweb.com.ar\/web\/wp-json\/wp\/v2\/media?parent=64172"}],"wp:term":[{"taxonomy":"category","embeddable":true,"href":"https:\/\/elterritorialweb.com.ar\/web\/wp-json\/wp\/v2\/categories?post=64172"},{"taxonomy":"post_tag","embeddable":true,"href":"https:\/\/elterritorialweb.com.ar\/web\/wp-json\/wp\/v2\/tags?post=64172"}],"curies":[{"name":"wp","href":"https:\/\/api.w.org\/{rel}","templated":true}]}}