{"id":64175,"date":"2024-03-06T19:22:14","date_gmt":"2024-03-06T19:22:14","guid":{"rendered":"http:\/\/elterritorialweb.com.ar\/web\/?p=64175"},"modified":"2024-03-06T19:22:17","modified_gmt":"2024-03-06T19:22:17","slug":"nediani-visito-las-instalaciones-del-cine-renzi-afirmando-el-compromiso-con-la-cultura","status":"publish","type":"post","link":"https:\/\/elterritorialweb.com.ar\/web\/nediani-visito-las-instalaciones-del-cine-renzi-afirmando-el-compromiso-con-la-cultura\/","title":{"rendered":"NEDIANI VISIT\u00d3 LAS INSTALACIONES DEL CINE RENZI AFIRMANDO EL COMPROMISO CON LA CULTURA"},"content":{"rendered":"\n<p>En la oportunidad el intendente enfatiz\u00f3 la relevancia del mantenimiento y recuperaci\u00f3n de un \u00edcono cultural para la ciudad, como lo es el Cine Teatro Renzi, destacando el compromiso de la gesti\u00f3n municipal no solo en la ejecuci\u00f3n de obras y servicios para la comunidad, sino tambi\u00e9n en la optimizaci\u00f3n de las condiciones laborales internas.<br>Esto abarca aspectos como la provisi\u00f3n de indumentaria y herramientas adecuadas para los empleados, el pago puntual de salarios y la constante mejora de los espacios de trabajo.<br>En este sentido, se destaca el acompa\u00f1amiento de la Secretar\u00eda de Econom\u00eda en el equipamiento y la recuperaci\u00f3n del Cine Teatro Renzi como una forma de preservar el patrimonio cultural de la ciudad, sino que tambi\u00e9n demuestra la dedicaci\u00f3n a crear un entorno laboral adecuado y condiciones de trabajo \u00f3ptimas para los empleados municipales.<\/p>\n","protected":false},"excerpt":{"rendered":"<p>El Intendente de La Banda Ing. Roger Nediani, realiz\u00f3 una visita a las instalaciones del Cine Teatro Municipal Renzi dependiente de la Secretar\u00eda de Comunicaci\u00f3n para evaluar los progresos y el trabajo integral que incluye la limpieza de alfombras y butacas, la instalaci\u00f3n de c\u00e1maras de seguridad y la reparaci\u00f3n de la infraestructura el\u00e9ctrica, marcando el inicio de mejoras sustanciales en la instituci\u00f3n.<\/p>\n","protected":false},"author":2,"featured_media":64176,"comment_status":"open","ping_status":"open","sticky":false,"template":"","format":"standard","meta":{"om_disable_all_campaigns":false,"_monsterinsights_skip_tracking":false,"_monsterinsights_sitenote_active":false,"_monsterinsights_sitenote_note":"","_monsterinsights_sitenote_category":0,"_uf_show_specific_survey":0,"_uf_disable_surveys":false,"jetpack_post_was_ever_published":false,"_jetpack_newsletter_access":"","_jetpack_dont_email_post_to_subs":false,"_jetpack_newsletter_tier_id":0,"_jetpack_memberships_contains_paywalled_content":false,"_jetpack_memberships_contains_paid_content":false,"footnotes":"","jetpack_publicize_message":"","jetpack_publicize_feature_enabled":true,"jetpack_social_post_already_shared":true,"jetpack_social_options":{"image_generator_settings":{"template":"highway","default_image_id":0,"font":"","enabled":false},"version":2}},"categories":[9],"tags":[77,71,51],"class_list":["post-64175","post","type-post","status-publish","format-standard","has-post-thumbnail","hentry","category-banda","tag-cine-renzi","tag-municipalidad-de-la-banda","tag-roger-nediani"],"aioseo_notices":[],"views":9,"jetpack_publicize_connections":[],"jetpack_featured_media_url":"https:\/\/i0.wp.com\/elterritorialweb.com.ar\/web\/wp-content\/uploads\/2024\/03\/NEDIANI-CINE-RENZI-scaled.jpeg?fit=2560%2C1920&ssl=1","jetpack_sharing_enabled":true,"_links":{"self":[{"href":"https:\/\/elterritorialweb.com.ar\/web\/wp-json\/wp\/v2\/posts\/64175","targetHints":{"allow":["GET"]}}],"collection":[{"href":"https:\/\/elterritorialweb.com.ar\/web\/wp-json\/wp\/v2\/posts"}],"about":[{"href":"https:\/\/elterritorialweb.com.ar\/web\/wp-json\/wp\/v2\/types\/post"}],"author":[{"embeddable":true,"href":"https:\/\/elterritorialweb.com.ar\/web\/wp-json\/wp\/v2\/users\/2"}],"replies":[{"embeddable":true,"href":"https:\/\/elterritorialweb.com.ar\/web\/wp-json\/wp\/v2\/comments?post=64175"}],"version-history":[{"count":1,"href":"https:\/\/elterritorialweb.com.ar\/web\/wp-json\/wp\/v2\/posts\/64175\/revisions"}],"predecessor-version":[{"id":64177,"href":"https:\/\/elterritorialweb.com.ar\/web\/wp-json\/wp\/v2\/posts\/64175\/revisions\/64177"}],"wp:featuredmedia":[{"embeddable":true,"href":"https:\/\/elterritorialweb.com.ar\/web\/wp-json\/wp\/v2\/media\/64176"}],"wp:attachment":[{"href":"https:\/\/elterritorialweb.com.ar\/web\/wp-json\/wp\/v2\/media?parent=64175"}],"wp:term":[{"taxonomy":"category","embeddable":true,"href":"https:\/\/elterritorialweb.com.ar\/web\/wp-json\/wp\/v2\/categories?post=64175"},{"taxonomy":"post_tag","embeddable":true,"href":"https:\/\/elterritorialweb.com.ar\/web\/wp-json\/wp\/v2\/tags?post=64175"}],"curies":[{"name":"wp","href":"https:\/\/api.w.org\/{rel}","templated":true}]}}