{"id":64178,"date":"2024-03-06T19:28:11","date_gmt":"2024-03-06T19:28:11","guid":{"rendered":"http:\/\/elterritorialweb.com.ar\/web\/?p=64178"},"modified":"2024-03-06T19:29:02","modified_gmt":"2024-03-06T19:29:02","slug":"con-un-estreno-animado-y-un-film-nacional-el-cine-renzi-renueva-su-cartelera","status":"publish","type":"post","link":"https:\/\/elterritorialweb.com.ar\/web\/con-un-estreno-animado-y-un-film-nacional-el-cine-renzi-renueva-su-cartelera\/","title":{"rendered":"CON UN ESTRENO ANIMADO Y UN FILM NACIONAL EL CINE RENZI RENUEVA SU CARTELERA"},"content":{"rendered":"\n<p>La cuarta entrega de la exitosa saga de \u00abKung Fu Panda\u00bb de DreamWorks Animation, se proyectar\u00e1 a las 15 y a las 17. La pel\u00edcula es dirigida por Mike Mitchell y su elenco de actores que aportan sus voces a los personajes incluye a Jack Black, Jackie Chan, Angelina Jolie, J. K. Simmons, Dustin Hoffman, James Hong, Bryan Cranston e Ian McShane. Adem\u00e1s se suma Ke Huy Quan, reciente ganador de un Oscar por el film \u00abTodo en todas las partes al mismo tiempo\u00bb, en un papel crucial para el desarrollo de la historia.<br>En el marco del Espacio INCAA se proyectar\u00e1 a las 19, \u00abElda y los Monstruos\u00bb, una pel\u00edcula argentina dirigida por Nicol\u00e1s Herzog, protagonizada por Diego Detona y producida por Mostra Cine, Rumba Cine y Alanorte Cine Digital.<br>Su guionista y director nos brinda una narraci\u00f3n elocuente y apasionada que explora la complejidad de la identidad de g\u00e9nero y cuestiona los binarismos tradicionales. \u201cElda y los monstruos\u201d no se limita a abordar la transformaci\u00f3n de Diego en Elda, sino que tambi\u00e9n se adentra en temas como las creencias, el arte y la m\u00fasica. En este sentido, la pel\u00edcula es un h\u00edbrido, tejiendo con destreza elementos de ficci\u00f3n, documental, drama y comedia.<br>Por \u00faltimo, la aclamada pel\u00edcula del director Denis Villeneuve, \u00abDuna: Parte 2\u00bb, se proyectar\u00e1 a las 20:30 y a las 23:15. Cabe recordar que este filme es protagonizado por actores del momento como Timoth\u00e9e Chalamet, Zendaya, Rebecca Ferguson, Austin Butler, Josh Brolin y Florence Pugh.<br>\u00abDune: Parte 2\u00bb es una obra maestra del cine de ciencia ficci\u00f3n y el p\u00fablico viene acompa\u00f1ando masivamente su proyecci\u00f3n en cada una de las salas de cine.<\/p>\n","protected":false},"excerpt":{"rendered":"<p>El jueves 7 de marzo, el Cine Teatro Renzi presenta el gran estreno de las pel\u00edculas \u00abKung Fu Panda 4\u00bb y \u00abElda y los monstruos\u00bb, y mantiene en cartelera el filme de ciencia ficci\u00f3n m\u00e1s importante del a\u00f1o, \u00abDuna: Parte 2\u00bb.<\/p>\n","protected":false},"author":2,"featured_media":15175,"comment_status":"open","ping_status":"open","sticky":false,"template":"","format":"standard","meta":{"om_disable_all_campaigns":false,"_monsterinsights_skip_tracking":false,"_monsterinsights_sitenote_active":false,"_monsterinsights_sitenote_note":"","_monsterinsights_sitenote_category":0,"_uf_show_specific_survey":0,"_uf_disable_surveys":false,"jetpack_post_was_ever_published":false,"_jetpack_newsletter_access":"","_jetpack_dont_email_post_to_subs":false,"_jetpack_newsletter_tier_id":0,"_jetpack_memberships_contains_paywalled_content":false,"_jetpack_memberships_contains_paid_content":false,"footnotes":"","jetpack_publicize_message":"","jetpack_publicize_feature_enabled":true,"jetpack_social_post_already_shared":true,"jetpack_social_options":{"image_generator_settings":{"template":"highway","default_image_id":0,"font":"","enabled":false},"version":2}},"categories":[9,20],"tags":[77],"class_list":["post-64178","post","type-post","status-publish","format-standard","has-post-thumbnail","hentry","category-banda","category-especysociales","tag-cine-renzi"],"aioseo_notices":[],"views":20,"jetpack_publicize_connections":[],"jetpack_featured_media_url":"https:\/\/i0.wp.com\/elterritorialweb.com.ar\/web\/wp-content\/uploads\/2020\/12\/cine-renzi.jpeg?fit=715%2C446&ssl=1","jetpack_sharing_enabled":true,"_links":{"self":[{"href":"https:\/\/elterritorialweb.com.ar\/web\/wp-json\/wp\/v2\/posts\/64178","targetHints":{"allow":["GET"]}}],"collection":[{"href":"https:\/\/elterritorialweb.com.ar\/web\/wp-json\/wp\/v2\/posts"}],"about":[{"href":"https:\/\/elterritorialweb.com.ar\/web\/wp-json\/wp\/v2\/types\/post"}],"author":[{"embeddable":true,"href":"https:\/\/elterritorialweb.com.ar\/web\/wp-json\/wp\/v2\/users\/2"}],"replies":[{"embeddable":true,"href":"https:\/\/elterritorialweb.com.ar\/web\/wp-json\/wp\/v2\/comments?post=64178"}],"version-history":[{"count":1,"href":"https:\/\/elterritorialweb.com.ar\/web\/wp-json\/wp\/v2\/posts\/64178\/revisions"}],"predecessor-version":[{"id":64179,"href":"https:\/\/elterritorialweb.com.ar\/web\/wp-json\/wp\/v2\/posts\/64178\/revisions\/64179"}],"wp:featuredmedia":[{"embeddable":true,"href":"https:\/\/elterritorialweb.com.ar\/web\/wp-json\/wp\/v2\/media\/15175"}],"wp:attachment":[{"href":"https:\/\/elterritorialweb.com.ar\/web\/wp-json\/wp\/v2\/media?parent=64178"}],"wp:term":[{"taxonomy":"category","embeddable":true,"href":"https:\/\/elterritorialweb.com.ar\/web\/wp-json\/wp\/v2\/categories?post=64178"},{"taxonomy":"post_tag","embeddable":true,"href":"https:\/\/elterritorialweb.com.ar\/web\/wp-json\/wp\/v2\/tags?post=64178"}],"curies":[{"name":"wp","href":"https:\/\/api.w.org\/{rel}","templated":true}]}}