{"id":64195,"date":"2024-03-07T23:55:15","date_gmt":"2024-03-07T23:55:15","guid":{"rendered":"http:\/\/elterritorialweb.com.ar\/web\/?p=64195"},"modified":"2024-03-07T23:55:17","modified_gmt":"2024-03-07T23:55:17","slug":"actividades-deportivas-marcan-el-inicio-de-la-semana-de-la-mujer-en-termas-de-rio-hondo","status":"publish","type":"post","link":"https:\/\/elterritorialweb.com.ar\/web\/actividades-deportivas-marcan-el-inicio-de-la-semana-de-la-mujer-en-termas-de-rio-hondo\/","title":{"rendered":"ACTIVIDADES DEPORTIVAS MARCAN EL INICIO DE LA SEMANA DE LA MUJER EN TERMAS DE R\u00cdO HONDO"},"content":{"rendered":"\n<p>En la ciudad de&nbsp;<strong>Las Termas de R\u00edo Hondo, la \u201cSemana de la Mujer\u201d&nbsp;<\/strong>comenz\u00f3 con entusiasmo en el&nbsp;<strong>Estadio Cubierto del Polideportivo Municipal.&nbsp;<\/strong>Los torneos de<strong>&nbsp;Newcon y Padel&nbsp;<\/strong>dieron inicio en las canchas laterales,<strong>&nbsp;marcando el comienzo de una semana repleta de actividades deportivas, culturales y saludables bajo el lema \u201cMujeres todo terreno\u201d.<\/strong><\/p>\n\n\n\n<p><strong>La comunidad se congreg\u00f3 para celebrar y promover la inclusi\u00f3n de las mujeres en el \u00e1mbito deportivo, demostrando una vez m\u00e1s el compromiso y la pasi\u00f3n por el deporte en Las Termas de R\u00edo Hondo.<\/strong><\/p>\n","protected":false},"excerpt":{"rendered":"<p>La participaci\u00f3n fue notable, con judoras y jugadores de diversos equipos locales que se sumaron a esta iniciativa.<\/p>\n","protected":false},"author":2,"featured_media":64196,"comment_status":"open","ping_status":"open","sticky":false,"template":"","format":"standard","meta":{"om_disable_all_campaigns":false,"_monsterinsights_skip_tracking":false,"_monsterinsights_sitenote_active":false,"_monsterinsights_sitenote_note":"","_monsterinsights_sitenote_category":0,"_uf_show_specific_survey":0,"_uf_disable_surveys":false,"jetpack_post_was_ever_published":false,"_jetpack_newsletter_access":"","_jetpack_dont_email_post_to_subs":false,"_jetpack_newsletter_tier_id":0,"_jetpack_memberships_contains_paywalled_content":false,"_jetpack_memberships_contains_paid_content":false,"footnotes":"","jetpack_publicize_message":"","jetpack_publicize_feature_enabled":true,"jetpack_social_post_already_shared":true,"jetpack_social_options":{"image_generator_settings":{"template":"highway","default_image_id":0,"font":"","enabled":false},"version":2}},"categories":[633],"tags":[],"class_list":["post-64195","post","type-post","status-publish","format-standard","has-post-thumbnail","hentry","category-termas-de-rio-hondo"],"aioseo_notices":[],"views":12,"jetpack_publicize_connections":[],"jetpack_featured_media_url":"https:\/\/i0.wp.com\/elterritorialweb.com.ar\/web\/wp-content\/uploads\/2024\/03\/ACTIVIDADES-TERMAS.jpg?fit=1232%2C693&ssl=1","jetpack_sharing_enabled":true,"_links":{"self":[{"href":"https:\/\/elterritorialweb.com.ar\/web\/wp-json\/wp\/v2\/posts\/64195","targetHints":{"allow":["GET"]}}],"collection":[{"href":"https:\/\/elterritorialweb.com.ar\/web\/wp-json\/wp\/v2\/posts"}],"about":[{"href":"https:\/\/elterritorialweb.com.ar\/web\/wp-json\/wp\/v2\/types\/post"}],"author":[{"embeddable":true,"href":"https:\/\/elterritorialweb.com.ar\/web\/wp-json\/wp\/v2\/users\/2"}],"replies":[{"embeddable":true,"href":"https:\/\/elterritorialweb.com.ar\/web\/wp-json\/wp\/v2\/comments?post=64195"}],"version-history":[{"count":1,"href":"https:\/\/elterritorialweb.com.ar\/web\/wp-json\/wp\/v2\/posts\/64195\/revisions"}],"predecessor-version":[{"id":64197,"href":"https:\/\/elterritorialweb.com.ar\/web\/wp-json\/wp\/v2\/posts\/64195\/revisions\/64197"}],"wp:featuredmedia":[{"embeddable":true,"href":"https:\/\/elterritorialweb.com.ar\/web\/wp-json\/wp\/v2\/media\/64196"}],"wp:attachment":[{"href":"https:\/\/elterritorialweb.com.ar\/web\/wp-json\/wp\/v2\/media?parent=64195"}],"wp:term":[{"taxonomy":"category","embeddable":true,"href":"https:\/\/elterritorialweb.com.ar\/web\/wp-json\/wp\/v2\/categories?post=64195"},{"taxonomy":"post_tag","embeddable":true,"href":"https:\/\/elterritorialweb.com.ar\/web\/wp-json\/wp\/v2\/tags?post=64195"}],"curies":[{"name":"wp","href":"https:\/\/api.w.org\/{rel}","templated":true}]}}