{"id":64198,"date":"2024-03-08T00:03:16","date_gmt":"2024-03-08T00:03:16","guid":{"rendered":"http:\/\/elterritorialweb.com.ar\/web\/?p=64198"},"modified":"2024-03-08T00:03:19","modified_gmt":"2024-03-08T00:03:19","slug":"salud-conmemora-el-dia-internacional-de-la-mujer-con-actividades-en-upas-de-capital-y-banda","status":"publish","type":"post","link":"https:\/\/elterritorialweb.com.ar\/web\/salud-conmemora-el-dia-internacional-de-la-mujer-con-actividades-en-upas-de-capital-y-banda\/","title":{"rendered":"SALUD CONMEMORA EL D\u00cdA INTERNACIONAL DE LA MUJER CON ACTIVIDADES EN UPAS DE CAPITAL Y BANDA"},"content":{"rendered":"\n<p>Se ofrecer\u00e1 un taller sobre los<strong>\u00a0derechos de las mujeres en la sala de espera a partir de las 8<\/strong>\u00a0<strong>horas<\/strong>\u00a0en varias UPAs, entre ellas: la\u00a0<strong>UPA N\u00b0 6, en el Barrio Dorrego de La Banda; UPA N\u00b0 8, en el Barrio Los Flores; la UPA N\u00b0 11, en el Barrio Campo Contreras Oeste; la UPA N\u00b0 15, en el Barrio Tradici\u00f3n Oeste y la UPA N\u00b0 19, en el Barrio Independencia.<\/strong><\/p>\n\n\n\n<p>Adem\u00e1s, se brindar\u00e1&nbsp;<strong>asesoramiento en salud sexual y reproductiva en la sala de espera a partir de las 8 horas en la UPA N\u00b0 24, en el Barrio Santa Luc\u00eda y la UPA N\u00b0 19 en el Barrio Independencia.<\/strong><\/p>\n\n\n\n<p>En la<strong>&nbsp;UPA N\u00b0 13 del Barrio Mosconi<\/strong>, se realizar\u00e1 un taller sobre<strong>&nbsp;prevenci\u00f3n del c\u00e1ncer de mama y cuello uterino en la sala de espera<\/strong>, a partir de las 8 horas.<\/p>\n\n\n\n<p>Se ofrecer\u00e1 asesoramiento sobre autocuidado y controles de salud en la sala de espera a partir de las 9 horas en la&nbsp;<strong>UPA N\u00b0 14 en el Barrio Almirante Brown<\/strong>, y a las 14 horas<strong>, un operativo de colocaci\u00f3n de parches mamarios<\/strong>.<\/p>\n\n\n\n<p><strong>Finalmente, se realizar\u00e1 un operativo en salud sexual integral en la UPA N\u00b0 25, en el Barrio Bel\u00e9n de 14 a 18 horas. Se recomienda buscar turno previamente.<\/strong><\/p>\n\n\n\n<figure class=\"wp-block-image size-full\"><a href=\"https:\/\/i0.wp.com\/elterritorialweb.com.ar\/web\/wp-content\/uploads\/2024\/03\/image-5.png\"><img data-recalc-dims=\"1\" decoding=\"async\" data-src=\"https:\/\/i0.wp.com\/elterritorialweb.com.ar\/web\/wp-content\/uploads\/2024\/03\/image-5.png?w=640\" alt=\"\" class=\"wp-image-64199 lazyload\" src=\"data:image\/svg+xml;base64,PHN2ZyB3aWR0aD0iMSIgaGVpZ2h0PSIxIiB4bWxucz0iaHR0cDovL3d3dy53My5vcmcvMjAwMC9zdmciPjwvc3ZnPg==\" \/><\/a><\/figure>\n","protected":false},"excerpt":{"rendered":"<p>En conmemoraci\u00f3n del D\u00eda Internacional de las Mujeres, el Ministerio de Salud de Santiago llevar\u00e1 a cabo diversas actividades el viernes 8 de marzo en las Unidades de Pronta Atenci\u00f3n (UPAs) de Capital y Banda.<\/p>\n","protected":false},"author":2,"featured_media":64200,"comment_status":"open","ping_status":"open","sticky":false,"template":"","format":"standard","meta":{"om_disable_all_campaigns":false,"_monsterinsights_skip_tracking":false,"_monsterinsights_sitenote_active":false,"_monsterinsights_sitenote_note":"","_monsterinsights_sitenote_category":0,"_uf_show_specific_survey":0,"_uf_disable_surveys":false,"jetpack_post_was_ever_published":false,"_jetpack_newsletter_access":"","_jetpack_dont_email_post_to_subs":false,"_jetpack_newsletter_tier_id":0,"_jetpack_memberships_contains_paywalled_content":false,"_jetpack_memberships_contains_paid_content":false,"footnotes":"","jetpack_publicize_message":"","jetpack_publicize_feature_enabled":true,"jetpack_social_post_already_shared":true,"jetpack_social_options":{"image_generator_settings":{"template":"highway","default_image_id":0,"font":"","enabled":false},"version":2}},"categories":[4,3],"tags":[],"class_list":["post-64198","post","type-post","status-publish","format-standard","has-post-thumbnail","hentry","category-destacadas","category-salud"],"aioseo_notices":[],"views":8,"jetpack_publicize_connections":[],"jetpack_featured_media_url":"https:\/\/i0.wp.com\/elterritorialweb.com.ar\/web\/wp-content\/uploads\/2024\/03\/talleres-charlas-upa-caps.jpg?fit=960%2C540&ssl=1","jetpack_sharing_enabled":true,"_links":{"self":[{"href":"https:\/\/elterritorialweb.com.ar\/web\/wp-json\/wp\/v2\/posts\/64198","targetHints":{"allow":["GET"]}}],"collection":[{"href":"https:\/\/elterritorialweb.com.ar\/web\/wp-json\/wp\/v2\/posts"}],"about":[{"href":"https:\/\/elterritorialweb.com.ar\/web\/wp-json\/wp\/v2\/types\/post"}],"author":[{"embeddable":true,"href":"https:\/\/elterritorialweb.com.ar\/web\/wp-json\/wp\/v2\/users\/2"}],"replies":[{"embeddable":true,"href":"https:\/\/elterritorialweb.com.ar\/web\/wp-json\/wp\/v2\/comments?post=64198"}],"version-history":[{"count":1,"href":"https:\/\/elterritorialweb.com.ar\/web\/wp-json\/wp\/v2\/posts\/64198\/revisions"}],"predecessor-version":[{"id":64201,"href":"https:\/\/elterritorialweb.com.ar\/web\/wp-json\/wp\/v2\/posts\/64198\/revisions\/64201"}],"wp:featuredmedia":[{"embeddable":true,"href":"https:\/\/elterritorialweb.com.ar\/web\/wp-json\/wp\/v2\/media\/64200"}],"wp:attachment":[{"href":"https:\/\/elterritorialweb.com.ar\/web\/wp-json\/wp\/v2\/media?parent=64198"}],"wp:term":[{"taxonomy":"category","embeddable":true,"href":"https:\/\/elterritorialweb.com.ar\/web\/wp-json\/wp\/v2\/categories?post=64198"},{"taxonomy":"post_tag","embeddable":true,"href":"https:\/\/elterritorialweb.com.ar\/web\/wp-json\/wp\/v2\/tags?post=64198"}],"curies":[{"name":"wp","href":"https:\/\/api.w.org\/{rel}","templated":true}]}}