{"id":64202,"date":"2024-03-08T00:10:10","date_gmt":"2024-03-08T00:10:10","guid":{"rendered":"http:\/\/elterritorialweb.com.ar\/web\/?p=64202"},"modified":"2024-03-08T00:10:14","modified_gmt":"2024-03-08T00:10:14","slug":"se-conformo-el-comite-de-etica-en-la-investigacion-de-la-unse","status":"publish","type":"post","link":"https:\/\/elterritorialweb.com.ar\/web\/se-conformo-el-comite-de-etica-en-la-investigacion-de-la-unse\/","title":{"rendered":"SE CONFORM\u00d3 EL COMIT\u00c9 DE \u00c9TICA EN LA INVESTIGACI\u00d3N DE LA UNSE"},"content":{"rendered":"\n<p>Esta semana qued\u00f3 conformado el primer Comit\u00e9 de \u00c9tica en la Investigaci\u00f3n de la Universidad Nacional de Santiago del Estero, organismo que ser\u00e1 el encargado de analizar y evaluar los proyectos de investigaci\u00f3n desde una perspectiva \u00e9tica, y velar as\u00ed por el cumplimiento de las buenas pr\u00e1cticas en la investigaci\u00f3n. El doctor Emilio Melchor Luque, quien fuera coordinador en el proceso de formaci\u00f3n de este comit\u00e9, remarc\u00f3 la importancia de la creaci\u00f3n del mismo, \u201cponi\u00e9ndonos as\u00ed a la altura de las grandes universidades de la Argentina y el mundo\u201d.<br>En la reuni\u00f3n estuvieron presentes representantes de las unidades acad\u00e9micas de la Universidad, miembros de la Secretar\u00eda de Ciencia y T\u00e9cnica, y autoridades de la UNSE.<br>El rector H\u00e9ctor Paz destac\u00f3 la importancia del comit\u00e9, defini\u00e9ndolo como \u201cnecesario para llevar adelante las investigaciones en todos los \u00e1mbitos de la Universidad, respetando los principios b\u00e1sicos de la vida humana, animal, el cuidado y conservaci\u00f3n del medio ambiente; y pregunt\u00e1ndonos todo el tiempo, si lo que voy a investigar suma a mejorar la calidad de vida de nuestra sociedad\u201d.<br>Seguidamente se eligieron las autoridades del comit\u00e9: coordinadora especialista Isabel Vel\u00e1zquez de Reyes; coordinadora alterna, abogada Ana Cecilia Tamer y secretaria, doctora. Roxana Marcela Arce.<\/p>\n","protected":false},"excerpt":{"rendered":"<p>La reuni\u00f3n del Comit\u00e9, estuvo presidida por el rector H\u00e9ctor Paz.<\/p>\n","protected":false},"author":2,"featured_media":64203,"comment_status":"open","ping_status":"open","sticky":false,"template":"","format":"standard","meta":{"om_disable_all_campaigns":false,"_monsterinsights_skip_tracking":false,"_monsterinsights_sitenote_active":false,"_monsterinsights_sitenote_note":"","_monsterinsights_sitenote_category":0,"_uf_show_specific_survey":0,"_uf_disable_surveys":false,"jetpack_post_was_ever_published":false,"_jetpack_newsletter_access":"","_jetpack_dont_email_post_to_subs":false,"_jetpack_newsletter_tier_id":0,"_jetpack_memberships_contains_paywalled_content":false,"_jetpack_memberships_contains_paid_content":false,"footnotes":"","jetpack_publicize_message":"","jetpack_publicize_feature_enabled":true,"jetpack_social_post_already_shared":true,"jetpack_social_options":{"image_generator_settings":{"template":"highway","default_image_id":0,"font":"","enabled":false},"version":2}},"categories":[4,19],"tags":[401,74],"class_list":["post-64202","post","type-post","status-publish","format-standard","has-post-thumbnail","hentry","category-destacadas","category-educacion","tag-hector-paz","tag-unse"],"aioseo_notices":[],"views":22,"jetpack_publicize_connections":[],"jetpack_featured_media_url":"https:\/\/i0.wp.com\/elterritorialweb.com.ar\/web\/wp-content\/uploads\/2024\/03\/unse-comite.jpeg?fit=1600%2C1066&ssl=1","jetpack_sharing_enabled":true,"_links":{"self":[{"href":"https:\/\/elterritorialweb.com.ar\/web\/wp-json\/wp\/v2\/posts\/64202","targetHints":{"allow":["GET"]}}],"collection":[{"href":"https:\/\/elterritorialweb.com.ar\/web\/wp-json\/wp\/v2\/posts"}],"about":[{"href":"https:\/\/elterritorialweb.com.ar\/web\/wp-json\/wp\/v2\/types\/post"}],"author":[{"embeddable":true,"href":"https:\/\/elterritorialweb.com.ar\/web\/wp-json\/wp\/v2\/users\/2"}],"replies":[{"embeddable":true,"href":"https:\/\/elterritorialweb.com.ar\/web\/wp-json\/wp\/v2\/comments?post=64202"}],"version-history":[{"count":1,"href":"https:\/\/elterritorialweb.com.ar\/web\/wp-json\/wp\/v2\/posts\/64202\/revisions"}],"predecessor-version":[{"id":64204,"href":"https:\/\/elterritorialweb.com.ar\/web\/wp-json\/wp\/v2\/posts\/64202\/revisions\/64204"}],"wp:featuredmedia":[{"embeddable":true,"href":"https:\/\/elterritorialweb.com.ar\/web\/wp-json\/wp\/v2\/media\/64203"}],"wp:attachment":[{"href":"https:\/\/elterritorialweb.com.ar\/web\/wp-json\/wp\/v2\/media?parent=64202"}],"wp:term":[{"taxonomy":"category","embeddable":true,"href":"https:\/\/elterritorialweb.com.ar\/web\/wp-json\/wp\/v2\/categories?post=64202"},{"taxonomy":"post_tag","embeddable":true,"href":"https:\/\/elterritorialweb.com.ar\/web\/wp-json\/wp\/v2\/tags?post=64202"}],"curies":[{"name":"wp","href":"https:\/\/api.w.org\/{rel}","templated":true}]}}