{"id":64205,"date":"2024-03-08T00:29:31","date_gmt":"2024-03-08T00:29:31","guid":{"rendered":"http:\/\/elterritorialweb.com.ar\/web\/?p=64205"},"modified":"2024-03-08T00:29:33","modified_gmt":"2024-03-08T00:29:33","slug":"reunion-de-rectores-del-noa-con-el-subsecretario-de-politicas-universitarias","status":"publish","type":"post","link":"https:\/\/elterritorialweb.com.ar\/web\/reunion-de-rectores-del-noa-con-el-subsecretario-de-politicas-universitarias\/","title":{"rendered":"REUNI\u00d3N DE RECTORES DEL NOA CON EL SUBSECRETARIO DE POL\u00cdTICAS UNIVERSITARIAS"},"content":{"rendered":"\n<p>Se abordaron cuestiones relacionadas con los presupuestos universitarios -no se actualizaron-, recursos para el adecuado funcionamiento de las universidades, salarios, escuelas preuniversitarias y de formaci\u00f3n profesional, y la elaboraci\u00f3n de proyectos regionales con impacto en desarrollos locales, entre otros temas.<br>El subsecretario \u00c1lvarez propuso un m\u00e9todo de trabajo con reuniones peri\u00f3dicas rotativas y<br>afirm\u00f3 que se dar\u00eda un incremento para los gastos de funcionamiento del 67%. Tambi\u00e9n asegur\u00f3 la continuidad al Plan de Virtualizacion de la Educaci\u00f3n Superior y Continuidad del Programa Universitario de Escuelas de Educaci\u00f3n Profesional.<br>Recordamos que las universidades contin\u00faan funcionando con el mismo presupuesto de 2023 y que los rectores de todas las universidades nacionales solicitaron un incremento del 300 por ciento para asegurar el funcionamiento normal del a\u00f1o, teniendo en cuenta los \u00edndices inflacionarios de los \u00faltimos meses y los proyectados.<\/p>\n","protected":false},"excerpt":{"rendered":"<p>Los rectores de la Universidades Nacionales del NOA, H\u00e9ctor Paz (UNSE), coordinador del CPRES NOA, Sergio Pagani (UNT), Mario Bonillo (UNJU), Daniel Hoyos (UNSA), y \u00d3scar Arellano (UNCA), se reunieron en Tucum\u00e1n, con Alejandro \u00c1lvarez, flamante Subsecretario de Pol\u00edticas Universitarias, para tratar temas inherentes al funcionamiento del sistema universitario de la regi\u00f3n.<\/p>\n","protected":false},"author":2,"featured_media":64206,"comment_status":"open","ping_status":"open","sticky":false,"template":"","format":"standard","meta":{"om_disable_all_campaigns":false,"_monsterinsights_skip_tracking":false,"_monsterinsights_sitenote_active":false,"_monsterinsights_sitenote_note":"","_monsterinsights_sitenote_category":0,"_uf_show_specific_survey":0,"_uf_disable_surveys":false,"jetpack_post_was_ever_published":false,"_jetpack_newsletter_access":"","_jetpack_dont_email_post_to_subs":false,"_jetpack_newsletter_tier_id":0,"_jetpack_memberships_contains_paywalled_content":false,"_jetpack_memberships_contains_paid_content":false,"footnotes":"","jetpack_publicize_message":"","jetpack_publicize_feature_enabled":true,"jetpack_social_post_already_shared":true,"jetpack_social_options":{"image_generator_settings":{"template":"highway","default_image_id":0,"font":"","enabled":false},"version":2}},"categories":[19],"tags":[],"class_list":["post-64205","post","type-post","status-publish","format-standard","has-post-thumbnail","hentry","category-educacion"],"aioseo_notices":[],"views":12,"jetpack_publicize_connections":[],"jetpack_featured_media_url":"https:\/\/i0.wp.com\/elterritorialweb.com.ar\/web\/wp-content\/uploads\/2024\/03\/rectores-del-noa.jpeg?fit=1280%2C960&ssl=1","jetpack_sharing_enabled":true,"_links":{"self":[{"href":"https:\/\/elterritorialweb.com.ar\/web\/wp-json\/wp\/v2\/posts\/64205","targetHints":{"allow":["GET"]}}],"collection":[{"href":"https:\/\/elterritorialweb.com.ar\/web\/wp-json\/wp\/v2\/posts"}],"about":[{"href":"https:\/\/elterritorialweb.com.ar\/web\/wp-json\/wp\/v2\/types\/post"}],"author":[{"embeddable":true,"href":"https:\/\/elterritorialweb.com.ar\/web\/wp-json\/wp\/v2\/users\/2"}],"replies":[{"embeddable":true,"href":"https:\/\/elterritorialweb.com.ar\/web\/wp-json\/wp\/v2\/comments?post=64205"}],"version-history":[{"count":1,"href":"https:\/\/elterritorialweb.com.ar\/web\/wp-json\/wp\/v2\/posts\/64205\/revisions"}],"predecessor-version":[{"id":64207,"href":"https:\/\/elterritorialweb.com.ar\/web\/wp-json\/wp\/v2\/posts\/64205\/revisions\/64207"}],"wp:featuredmedia":[{"embeddable":true,"href":"https:\/\/elterritorialweb.com.ar\/web\/wp-json\/wp\/v2\/media\/64206"}],"wp:attachment":[{"href":"https:\/\/elterritorialweb.com.ar\/web\/wp-json\/wp\/v2\/media?parent=64205"}],"wp:term":[{"taxonomy":"category","embeddable":true,"href":"https:\/\/elterritorialweb.com.ar\/web\/wp-json\/wp\/v2\/categories?post=64205"},{"taxonomy":"post_tag","embeddable":true,"href":"https:\/\/elterritorialweb.com.ar\/web\/wp-json\/wp\/v2\/tags?post=64205"}],"curies":[{"name":"wp","href":"https:\/\/api.w.org\/{rel}","templated":true}]}}