{"id":64208,"date":"2024-03-08T00:51:01","date_gmt":"2024-03-08T00:51:01","guid":{"rendered":"http:\/\/elterritorialweb.com.ar\/web\/?p=64208"},"modified":"2024-03-08T00:51:04","modified_gmt":"2024-03-08T00:51:04","slug":"el-gobierno-enviara-un-proyecto-para-retrotraer-el-aumento-a-diputados-y-senadores","status":"publish","type":"post","link":"https:\/\/elterritorialweb.com.ar\/web\/el-gobierno-enviara-un-proyecto-para-retrotraer-el-aumento-a-diputados-y-senadores\/","title":{"rendered":"EL GOBIERNO ENVIAR\u00c1 UN PROYECTO PARA RETROTRAER EL AUMENTO A DIPUTADOS Y SENADORES"},"content":{"rendered":"\n<p>La fuerte repercusi\u00f3n negativa que tuvo el aumento del 30% para las dietas de diputados y senadores&nbsp;<strong>oblig\u00f3 al Gobierno a dar marcha atr\u00e1s y anunciar que enviar\u00e1 un proyecto para retrotraer la medida.<\/strong><\/p>\n\n\n\n<p>La decisi\u00f3n se tom\u00f3 tras una reuni\u00f3n en<strong>\u00a0la Casa Rosada de la que participaron el titular de la C\u00e1mara de Diputados,\u00a0<\/strong>Mart\u00edn Menem, el jefe de la bancada del PRO,\u00a0<strong>Cristian Ritondo<\/strong>, su par de la UCR,\u00a0<strong>Rodrigo De Loredo,<\/strong>\u00a0el ministro del Interior,\u00a0<strong>Guillermo Francos,\u00a0<\/strong>y el estratega de comunicaci\u00f3n\u00a0<strong>Santiago Caputo.<\/strong><\/p>\n\n\n\n<p>A trav\u00e9s de un mensaje en las redes sociales, el titular de la C\u00e1mara de Diputados anunci\u00f3 que<strong>\u00a0\u201cpor orden del Presidente Javier Milei\u201d<\/strong>\u00a0el oficialismo presentar\u00e1 un proyecto para \u201cretrotraer\u201d el aumento. Adem\u00e1s busc\u00f3 tomar distancia de la medida que \u00e9l mismo firm\u00f3 al se\u00f1alar que el incremento de dietas se otorg\u00f3 de manera \u201cautom\u00e1tica\u201d debido a la resoluci\u00f3n 0013\/11 firmada por el ex-presidente del Senado Amado Boudou y el ex-presidente de la C\u00e1mara de Diputados Juli\u00e1n Dom\u00ednguez en el a\u00f1o 2011.<\/p>\n\n\n\n<figure class=\"wp-block-embed is-type-rich is-provider-twitter wp-block-embed-twitter\"><div class=\"wp-block-embed__wrapper\">\n<blockquote class=\"twitter-tweet\" data-width=\"550\" data-dnt=\"true\"><p lang=\"es\" dir=\"ltr\">Por orden del Presidente Javier Milei, vamos a presentar un proyecto para RETROTRAER el aumento que fue otorgado a diputados y senadores de la Naci\u00f3n de manera autom\u00e1tica, debido a la resoluci\u00f3n 0013\/11 firmada por el ex-presidente del Senado Amado Boudou y el ex-presidente de la\u2026<\/p>&mdash; Martin Menem (@MenemMartin) <a href=\"https:\/\/twitter.com\/MenemMartin\/status\/1765860659844030694?ref_src=twsrc%5Etfw\">March 7, 2024<\/a><\/blockquote><script async src=\"https:\/\/platform.twitter.com\/widgets.js\" charset=\"utf-8\"><\/script>\n<\/div><\/figure>\n\n\n\n<p><strong>\u201cLos diputados y senadores de la Naci\u00f3n bajo ning\u00fan punto de vista deben quedar ajenos a realizar el sacrificio que est\u00e1 realizando el pueblo argentino para salir de la crisis\u201d<\/strong>, dijo Menem.<\/p>\n\n\n\n<p>Menem y Villarruel, que no fue invitada a la reuni\u00f3n en la Casa Rosada, firmaron la paritaria de los trabajadores del Congreso de la Naci\u00f3n en la que se estableci\u00f3 que el incremento salarial acumulativo para el primer bimestre del a\u00f1o fue de&nbsp;<strong>16% a partir del 1\u00b0 de enero de 2024 y 12% desde el 1\u00b0 de febrero.<\/strong><\/p>\n\n\n\n<p>La medida, tomada el pasado 23 de febrero, establec\u00eda que era para el personal del Palacio Legislativo pero no hac\u00eda referencia espec\u00edfica a los legisladores. No obstante, por una resoluci\u00f3n sus sueldos est\u00e1n \u201catados\u201d a la paritaria de los trabajadores del Congreso.<\/p>\n","protected":false},"excerpt":{"rendered":"<p>Lo confirm\u00f3 Mart\u00edn Menem. Fue despu\u00e9s de una reuni\u00f3n en Casa Rosada de la que tambi\u00e9n participaron Cristian Ritondo, Rodrigo de Loredo, Guillermo Francos y Santiago Caputo.<\/p>\n","protected":false},"author":2,"featured_media":61560,"comment_status":"open","ping_status":"open","sticky":false,"template":"","format":"standard","meta":{"om_disable_all_campaigns":false,"_monsterinsights_skip_tracking":false,"_monsterinsights_sitenote_active":false,"_monsterinsights_sitenote_note":"","_monsterinsights_sitenote_category":0,"_uf_show_specific_survey":0,"_uf_disable_surveys":false,"jetpack_post_was_ever_published":false,"_jetpack_newsletter_access":"","_jetpack_dont_email_post_to_subs":false,"_jetpack_newsletter_tier_id":0,"_jetpack_memberships_contains_paywalled_content":false,"_jetpack_memberships_contains_paid_content":false,"footnotes":"","jetpack_publicize_message":"","jetpack_publicize_feature_enabled":true,"jetpack_social_post_already_shared":true,"jetpack_social_options":{"image_generator_settings":{"template":"highway","default_image_id":0,"font":"","enabled":false},"version":2}},"categories":[4,7],"tags":[816],"class_list":["post-64208","post","type-post","status-publish","format-standard","has-post-thumbnail","hentry","category-destacadas","category-nacionales","tag-martin-menem"],"aioseo_notices":[],"views":15,"jetpack_publicize_connections":[],"jetpack_featured_media_url":"https:\/\/i0.wp.com\/elterritorialweb.com.ar\/web\/wp-content\/uploads\/2023\/12\/martin-menem.jpg?fit=1200%2C675&ssl=1","jetpack_sharing_enabled":true,"_links":{"self":[{"href":"https:\/\/elterritorialweb.com.ar\/web\/wp-json\/wp\/v2\/posts\/64208","targetHints":{"allow":["GET"]}}],"collection":[{"href":"https:\/\/elterritorialweb.com.ar\/web\/wp-json\/wp\/v2\/posts"}],"about":[{"href":"https:\/\/elterritorialweb.com.ar\/web\/wp-json\/wp\/v2\/types\/post"}],"author":[{"embeddable":true,"href":"https:\/\/elterritorialweb.com.ar\/web\/wp-json\/wp\/v2\/users\/2"}],"replies":[{"embeddable":true,"href":"https:\/\/elterritorialweb.com.ar\/web\/wp-json\/wp\/v2\/comments?post=64208"}],"version-history":[{"count":1,"href":"https:\/\/elterritorialweb.com.ar\/web\/wp-json\/wp\/v2\/posts\/64208\/revisions"}],"predecessor-version":[{"id":64209,"href":"https:\/\/elterritorialweb.com.ar\/web\/wp-json\/wp\/v2\/posts\/64208\/revisions\/64209"}],"wp:featuredmedia":[{"embeddable":true,"href":"https:\/\/elterritorialweb.com.ar\/web\/wp-json\/wp\/v2\/media\/61560"}],"wp:attachment":[{"href":"https:\/\/elterritorialweb.com.ar\/web\/wp-json\/wp\/v2\/media?parent=64208"}],"wp:term":[{"taxonomy":"category","embeddable":true,"href":"https:\/\/elterritorialweb.com.ar\/web\/wp-json\/wp\/v2\/categories?post=64208"},{"taxonomy":"post_tag","embeddable":true,"href":"https:\/\/elterritorialweb.com.ar\/web\/wp-json\/wp\/v2\/tags?post=64208"}],"curies":[{"name":"wp","href":"https:\/\/api.w.org\/{rel}","templated":true}]}}