{"id":64210,"date":"2024-03-08T01:38:00","date_gmt":"2024-03-08T01:38:00","guid":{"rendered":"http:\/\/elterritorialweb.com.ar\/web\/?p=64210"},"modified":"2024-03-08T01:40:41","modified_gmt":"2024-03-08T01:40:41","slug":"adorni-sobre-el-dia-de-la-mujer-quienes-no-vayan-a-trabajar-se-les-va-a-descontar-el-dia","status":"publish","type":"post","link":"https:\/\/elterritorialweb.com.ar\/web\/adorni-sobre-el-dia-de-la-mujer-quienes-no-vayan-a-trabajar-se-les-va-a-descontar-el-dia\/","title":{"rendered":"ADORNI SOBRE EL D\u00cdA DE LA MUJER: \u00abQUIENES NO VAYAN A TRABAJAR, SE LES VA A DESCONTAR EL D\u00cdA\u00bb"},"content":{"rendered":"\n<p>El vocero presidencial,\u00a0<strong>Manuel Adorni<\/strong>, expuso que el Gobierno\u00a0<strong>descontar\u00e1 el d\u00eda a las empleadas p\u00fablicas<\/strong>\u00a0que paren este viernes\u00a0debido al\u00a0<strong>D\u00eda Internacional de la Mujer.<\/strong><\/p>\n\n\n\n<p>En su conferencia de prensa desde la Casa Rosada, Adorni marc\u00f3 que el descuento del d\u00eda a las empleadas p\u00fablicas trascender\u00e1 el D\u00eda Internacional de la Mujer que ser\u00e1 este viernes ya que\u00a0<strong>se llevar\u00e1 a cabo tambi\u00e9n en otros paros o medidas de fuerza.<\/strong><\/p>\n\n\n\n<p><strong>\u00abQuienes no vayan a trabajar, se les va a descontar el d\u00eda. Pero eso no es por el D\u00eda de la Mujer, fue siempre as\u00ed. Desde el primer paro anunciamos que empleado que no trabaje se le descuenta el d\u00eda\u00bb<\/strong>, expres\u00f3 el vocero presidencial.<\/p>\n\n\n\n<p>Por otro lado, en la conferencia de prensa, Adorni anunci\u00f3 la&nbsp;<strong>creaci\u00f3n de un nuevo puerto agroindustrial en Santa Fe.<\/strong>&nbsp;Una empresa argentina realizar\u00e1 una inversi\u00f3n de u$s550 millones para su construcci\u00f3n, que comenzar\u00e1 este mes. Estipulan que generar\u00e1 2.600 puestos de trabajo.<\/p>\n","protected":false},"excerpt":{"rendered":"<p>As\u00ed lo confirm\u00f3 el vocero presidencial, Manuel Adorni, quien expres\u00f3 que \u00abdesde el primer paro anunciamos que empleado que no trabaje se le descuenta el d\u00eda\u00bb.<\/p>\n","protected":false},"author":2,"featured_media":64213,"comment_status":"open","ping_status":"open","sticky":false,"template":"","format":"standard","meta":{"om_disable_all_campaigns":false,"_monsterinsights_skip_tracking":false,"_monsterinsights_sitenote_active":false,"_monsterinsights_sitenote_note":"","_monsterinsights_sitenote_category":0,"_uf_show_specific_survey":0,"_uf_disable_surveys":false,"jetpack_post_was_ever_published":false,"_jetpack_newsletter_access":"","_jetpack_dont_email_post_to_subs":false,"_jetpack_newsletter_tier_id":0,"_jetpack_memberships_contains_paywalled_content":false,"_jetpack_memberships_contains_paid_content":false,"footnotes":"","jetpack_publicize_message":"","jetpack_publicize_feature_enabled":true,"jetpack_social_post_already_shared":true,"jetpack_social_options":{"image_generator_settings":{"template":"highway","default_image_id":0,"font":"","enabled":false},"version":2}},"categories":[7],"tags":[830],"class_list":["post-64210","post","type-post","status-publish","format-standard","has-post-thumbnail","hentry","category-nacionales","tag-manuel-adorni"],"aioseo_notices":[],"views":20,"jetpack_publicize_connections":[],"jetpack_featured_media_url":"https:\/\/i0.wp.com\/elterritorialweb.com.ar\/web\/wp-content\/uploads\/2024\/03\/ADORNI-MUJER.jpg?fit=1500%2C964&ssl=1","jetpack_sharing_enabled":true,"_links":{"self":[{"href":"https:\/\/elterritorialweb.com.ar\/web\/wp-json\/wp\/v2\/posts\/64210","targetHints":{"allow":["GET"]}}],"collection":[{"href":"https:\/\/elterritorialweb.com.ar\/web\/wp-json\/wp\/v2\/posts"}],"about":[{"href":"https:\/\/elterritorialweb.com.ar\/web\/wp-json\/wp\/v2\/types\/post"}],"author":[{"embeddable":true,"href":"https:\/\/elterritorialweb.com.ar\/web\/wp-json\/wp\/v2\/users\/2"}],"replies":[{"embeddable":true,"href":"https:\/\/elterritorialweb.com.ar\/web\/wp-json\/wp\/v2\/comments?post=64210"}],"version-history":[{"count":1,"href":"https:\/\/elterritorialweb.com.ar\/web\/wp-json\/wp\/v2\/posts\/64210\/revisions"}],"predecessor-version":[{"id":64212,"href":"https:\/\/elterritorialweb.com.ar\/web\/wp-json\/wp\/v2\/posts\/64210\/revisions\/64212"}],"wp:featuredmedia":[{"embeddable":true,"href":"https:\/\/elterritorialweb.com.ar\/web\/wp-json\/wp\/v2\/media\/64213"}],"wp:attachment":[{"href":"https:\/\/elterritorialweb.com.ar\/web\/wp-json\/wp\/v2\/media?parent=64210"}],"wp:term":[{"taxonomy":"category","embeddable":true,"href":"https:\/\/elterritorialweb.com.ar\/web\/wp-json\/wp\/v2\/categories?post=64210"},{"taxonomy":"post_tag","embeddable":true,"href":"https:\/\/elterritorialweb.com.ar\/web\/wp-json\/wp\/v2\/tags?post=64210"}],"curies":[{"name":"wp","href":"https:\/\/api.w.org\/{rel}","templated":true}]}}