{"id":64267,"date":"2024-03-09T18:22:54","date_gmt":"2024-03-09T18:22:54","guid":{"rendered":"http:\/\/elterritorialweb.com.ar\/web\/?p=64267"},"modified":"2024-03-10T20:56:03","modified_gmt":"2024-03-10T20:56:03","slug":"el-das-sigue-pemiando-a-sus-afiliados-con-importantes-premios","status":"publish","type":"post","link":"https:\/\/elterritorialweb.com.ar\/web\/el-das-sigue-pemiando-a-sus-afiliados-con-importantes-premios\/","title":{"rendered":"EL DAS SIGUE PREMIANDO A SUS AFILIADOS CON IMPORTANTES SORTEOS"},"content":{"rendered":"\n<p>El <strong>gremio docente (DAS)<\/strong>, encabezado por su <strong>secretario general Freddy basbus<\/strong>, comenz\u00f3 este 2024 entregando premios a sus afiliados con <strong>dos sorteos realizados en su local gremial,<\/strong> en<strong> beneficio a sus docentes agremiados.<\/strong> <\/p>\n\n\n\n<p>El <strong>primer sorteo<\/strong> se realiz\u00f3 en el <strong>mes febrero<\/strong>, donde se <strong>entregaron mochilas y \u00fatiles escolares<\/strong> a los ganadores, mientras que el <strong>segundo <\/strong>desarroll\u00f3 el pasado <strong>jueves en conmemoraci\u00f3n del D\u00eda Internacional de la Mujer,<\/strong> y desde la comision dieron a conocer el listado de los beneficiarios.<\/p>\n\n\n\n<h3 class=\"wp-block-heading\">Sorteo del Mes de Febrero<\/h3>\n\n\n\n<ul class=\"wp-block-list\">\n<li>Salvatierra, Carolina Lorena dni 24.451.197, docente en Jardin N\u2116 377\/410, Jardin N\u2116 114.<\/li>\n\n\n\n<li>Quintana, Mariela de Los Angeles dni 21.631.737, docente en Esc. N\u00ba 342. Jose Castiglione-IES N\u00ba 8- Capital\/IF N\u00b0 7 Clodomira.<\/li>\n\n\n\n<li>Duran, Andrea Daniela dni 25.596.369, docente en Esc. N\u00ba 106-Jos\u00e9 A. Cabrera.\/ N\u00ba 1039 Caspi Corral.<\/li>\n\n\n\n<li>Palavecino, Marta Analia dni 23.391.722, docente en Centro Exp. N\u2116 1\/ Col Centenario \/ Esc N 342.<\/li>\n\n\n\n<li>Trullenque, Noem\u00ed Mariana dni 25.736.729, docente en Jardin N\u00ba 273\/1039 Caspi Corral.<\/li>\n\n\n\n<li>Valdez, Claudia Karina dni 24.193.023, docente en Jardin N 720\/873-B. Pozo Viejo S. Martin.<\/li>\n\n\n\n<li>Rosalez, Roxana Magali dni 27.448.485, docente en Escuela N\u00ba 26-San Fernando-la Banda.<\/li>\n\n\n\n<li>Santill\u00e1n, Nancy Elizabeth dni 24.198.182, docente en Jardin N\u00ba 40 La Ca\u00f1ada \/ Jardin N\u00ba 181- La Florida<\/li>\n\n\n\n<li>Acosta, Reina Alejandra dni. 21.725.728, docente en Esc. N\u00ba 916 Susana B. Santillan-Robles.<\/li>\n\n\n\n<li>Barrionuevo, Andrea dni. 32.980.484, docente en Esc. N\u00b0 88- J.F. Borges- Capital.<\/li>\n<\/ul>\n\n\n\n<figure class=\"wp-block-gallery has-nested-images columns-default is-cropped wp-block-gallery-1 is-layout-flex wp-block-gallery-is-layout-flex\">\n<figure class=\"wp-block-image size-large\"><a href=\"https:\/\/i0.wp.com\/elterritorialweb.com.ar\/web\/wp-content\/uploads\/2024\/03\/sorteo-das.jpeg\"><img data-recalc-dims=\"1\" decoding=\"async\" width=\"640\" height=\"853\" data-id=\"64271\" data-src=\"https:\/\/i0.wp.com\/elterritorialweb.com.ar\/web\/wp-content\/uploads\/2024\/03\/sorteo-das.jpeg?resize=640%2C853\" alt=\"\" class=\"wp-image-64271 lazyload\" data-srcset=\"https:\/\/i0.wp.com\/elterritorialweb.com.ar\/web\/wp-content\/uploads\/2024\/03\/sorteo-das.jpeg?resize=768%2C1023&amp;ssl=1 768w, https:\/\/i0.wp.com\/elterritorialweb.com.ar\/web\/wp-content\/uploads\/2024\/03\/sorteo-das.jpeg?resize=225%2C300&amp;ssl=1 225w, https:\/\/i0.wp.com\/elterritorialweb.com.ar\/web\/wp-content\/uploads\/2024\/03\/sorteo-das.jpeg?resize=1153%2C1536&amp;ssl=1 1153w, https:\/\/i0.wp.com\/elterritorialweb.com.ar\/web\/wp-content\/uploads\/2024\/03\/sorteo-das.jpeg?resize=1024%2C1364&amp;ssl=1 1024w, https:\/\/i0.wp.com\/elterritorialweb.com.ar\/web\/wp-content\/uploads\/2024\/03\/sorteo-das.jpeg?w=1200&amp;ssl=1 1200w\" data-sizes=\"(max-width: 640px) 100vw, 640px\" src=\"data:image\/svg+xml;base64,PHN2ZyB3aWR0aD0iMSIgaGVpZ2h0PSIxIiB4bWxucz0iaHR0cDovL3d3dy53My5vcmcvMjAwMC9zdmciPjwvc3ZnPg==\" style=\"--smush-placeholder-width: 640px; --smush-placeholder-aspect-ratio: 640\/853;\" \/><\/a><\/figure>\n\n\n\n<figure class=\"wp-block-image size-large\"><a href=\"https:\/\/i0.wp.com\/elterritorialweb.com.ar\/web\/wp-content\/uploads\/2024\/03\/sorteo-das-1-1.jpeg\"><img data-recalc-dims=\"1\" decoding=\"async\" width=\"640\" height=\"853\" data-id=\"64275\" data-src=\"https:\/\/i0.wp.com\/elterritorialweb.com.ar\/web\/wp-content\/uploads\/2024\/03\/sorteo-das-1-1.jpeg?resize=640%2C853\" alt=\"\" class=\"wp-image-64275 lazyload\" data-srcset=\"https:\/\/i0.wp.com\/elterritorialweb.com.ar\/web\/wp-content\/uploads\/2024\/03\/sorteo-das-1-1.jpeg?resize=768%2C1024&amp;ssl=1 768w, https:\/\/i0.wp.com\/elterritorialweb.com.ar\/web\/wp-content\/uploads\/2024\/03\/sorteo-das-1-1.jpeg?resize=225%2C300&amp;ssl=1 225w, https:\/\/i0.wp.com\/elterritorialweb.com.ar\/web\/wp-content\/uploads\/2024\/03\/sorteo-das-1-1.jpeg?resize=1152%2C1536&amp;ssl=1 1152w, https:\/\/i0.wp.com\/elterritorialweb.com.ar\/web\/wp-content\/uploads\/2024\/03\/sorteo-das-1-1.jpeg?resize=1024%2C1365&amp;ssl=1 1024w, https:\/\/i0.wp.com\/elterritorialweb.com.ar\/web\/wp-content\/uploads\/2024\/03\/sorteo-das-1-1.jpeg?w=1200&amp;ssl=1 1200w\" data-sizes=\"(max-width: 640px) 100vw, 640px\" src=\"data:image\/svg+xml;base64,PHN2ZyB3aWR0aD0iMSIgaGVpZ2h0PSIxIiB4bWxucz0iaHR0cDovL3d3dy53My5vcmcvMjAwMC9zdmciPjwvc3ZnPg==\" style=\"--smush-placeholder-width: 640px; --smush-placeholder-aspect-ratio: 640\/853;\" \/><\/a><\/figure>\n<\/figure>\n\n\n\n<h3 class=\"wp-block-heading\">SORTEO EXTRAORDINARIO \u00abD\u00cdA DE LA MUJER\u00bb<\/h3>\n\n\n\n<ul class=\"wp-block-list\">\n<li>Miranda, Mar\u00eda Isabel del Valle dni. 24.691.994, docente en Jardin N\u00ba 22 Capullito- San Pedro.<\/li>\n\n\n\n<li>Villalba, Pedro Andr\u00e9s dni. 24.005.445, docente en Col. Sec. Medellin -Agrup. N\u2116 86150. V. Atamisqui.<\/li>\n\n\n\n<li>Loto, Blanca Azucena dni. 16.471.906, docente en Esc. N\u00ba 694 San Jorge Late 59 J. F. Ibarra<\/li>\n\n\n\n<li>Cuello, Roxana Margarita del Valle dni. 20.900.626, docente en Esc. N\u00ba 1173- Carlos Jensen<\/li>\n\n\n\n<li>Jos\u00e9, Sonia Magali del Valle dni. 29.785.662, docente en Esc. Tec. N\u00ba 15\/Esc N\u00ba 1054\/col sec. Banda<\/li>\n\n\n\n<li>Rodr\u00edguez, Silvina Beatriz dni. 34.241.737, docente en Esc. N\u00ba 977 Juan Maria Vignaux &#8211; Nueva Francia\/CENS N&#8217; 2 Capital<\/li>\n\n\n\n<li>Jacobo, Juan dni. 18.276.706, docente en Esc. N\u2116 237- Dr. Ricardo Rojas<\/li>\n\n\n\n<li>G\u00f3mez, juan Alejandro dni. 14.754.588, docente en Esc. de FP y CL N\u00ba 31-La Banda\/ Esc. Tec. N\u00ba 3<\/li>\n\n\n\n<li>Costas, Mar\u00eda Susana dni. 21.631.395, docente en Col. Sec. Primera Junta-ISPP N\u2116 1 Capital<\/li>\n\n\n\n<li>\u00c1lvarez, Mar\u00eda Antonieta dni. 20.153.928, docente en Escuela N 714 F. Antonio Rizzuto<\/li>\n<\/ul>\n","protected":false},"excerpt":{"rendered":"<p>El gremio que nueclea a los docente santiague\u00f1os, comenz\u00f3 el a\u00f1o entregando premios a sus afiliados con dos importantes sorteos.<\/p>\n","protected":false},"author":2,"featured_media":64274,"comment_status":"open","ping_status":"open","sticky":false,"template":"","format":"standard","meta":{"om_disable_all_campaigns":false,"_monsterinsights_skip_tracking":false,"_monsterinsights_sitenote_active":false,"_monsterinsights_sitenote_note":"","_monsterinsights_sitenote_category":0,"_uf_show_specific_survey":0,"_uf_disable_surveys":false,"jetpack_post_was_ever_published":false,"_jetpack_newsletter_access":"","_jetpack_dont_email_post_to_subs":false,"_jetpack_newsletter_tier_id":0,"_jetpack_memberships_contains_paywalled_content":false,"_jetpack_memberships_contains_paid_content":false,"footnotes":"","jetpack_publicize_message":"","jetpack_publicize_feature_enabled":true,"jetpack_social_post_already_shared":true,"jetpack_social_options":{"image_generator_settings":{"template":"highway","default_image_id":0,"font":"","enabled":false},"version":2}},"categories":[19],"tags":[139,141],"class_list":["post-64267","post","type-post","status-publish","format-standard","has-post-thumbnail","hentry","category-educacion","tag-das","tag-freddy-basbus"],"aioseo_notices":[],"views":29,"jetpack_publicize_connections":[],"jetpack_featured_media_url":"https:\/\/i0.wp.com\/elterritorialweb.com.ar\/web\/wp-content\/uploads\/2024\/03\/das-2.jpeg?fit=1600%2C1200&ssl=1","jetpack_sharing_enabled":true,"_links":{"self":[{"href":"https:\/\/elterritorialweb.com.ar\/web\/wp-json\/wp\/v2\/posts\/64267","targetHints":{"allow":["GET"]}}],"collection":[{"href":"https:\/\/elterritorialweb.com.ar\/web\/wp-json\/wp\/v2\/posts"}],"about":[{"href":"https:\/\/elterritorialweb.com.ar\/web\/wp-json\/wp\/v2\/types\/post"}],"author":[{"embeddable":true,"href":"https:\/\/elterritorialweb.com.ar\/web\/wp-json\/wp\/v2\/users\/2"}],"replies":[{"embeddable":true,"href":"https:\/\/elterritorialweb.com.ar\/web\/wp-json\/wp\/v2\/comments?post=64267"}],"version-history":[{"count":4,"href":"https:\/\/elterritorialweb.com.ar\/web\/wp-json\/wp\/v2\/posts\/64267\/revisions"}],"predecessor-version":[{"id":64289,"href":"https:\/\/elterritorialweb.com.ar\/web\/wp-json\/wp\/v2\/posts\/64267\/revisions\/64289"}],"wp:featuredmedia":[{"embeddable":true,"href":"https:\/\/elterritorialweb.com.ar\/web\/wp-json\/wp\/v2\/media\/64274"}],"wp:attachment":[{"href":"https:\/\/elterritorialweb.com.ar\/web\/wp-json\/wp\/v2\/media?parent=64267"}],"wp:term":[{"taxonomy":"category","embeddable":true,"href":"https:\/\/elterritorialweb.com.ar\/web\/wp-json\/wp\/v2\/categories?post=64267"},{"taxonomy":"post_tag","embeddable":true,"href":"https:\/\/elterritorialweb.com.ar\/web\/wp-json\/wp\/v2\/tags?post=64267"}],"curies":[{"name":"wp","href":"https:\/\/api.w.org\/{rel}","templated":true}]}}