{"id":64286,"date":"2024-03-11T21:38:51","date_gmt":"2024-03-11T21:38:51","guid":{"rendered":"https:\/\/elterritorialweb.com.ar\/web\/?p=64286"},"modified":"2024-03-11T21:39:32","modified_gmt":"2024-03-11T21:39:32","slug":"mas-de-100-atletas-participaron-de-la-copa-argentina-de-triatlon-en-las-termas","status":"publish","type":"post","link":"https:\/\/elterritorialweb.com.ar\/web\/mas-de-100-atletas-participaron-de-la-copa-argentina-de-triatlon-en-las-termas\/","title":{"rendered":"M\u00c1S DE 100 ATLETAS PARTICIPARON DE LA COPA ARGENTINA DE TRIATL\u00d3N EN LAS TERMAS"},"content":{"rendered":"\n<p>En la competencia general, el catamarque\u00f1o Mat\u00edas Vega se alz\u00f3 con el primero puesto, escoltado por el tucumano Alejandro Bulacio en segundo lugar y tercero qued\u00f3 su comprovinciano Matero Corval\u00e1n.<\/p>\n\n\n\n<p>En la categor\u00eda general damas, la tucumana Romina Rossi Kanan fue la campeona, seguida por la catamarque\u00f1a Bel\u00e9n Santill\u00e1n, que sali\u00f3 segunda y la santiague\u00f1a Soledad Auad, tercera.<\/p>\n\n\n\n<figure class=\"wp-block-image size-full\"><a href=\"https:\/\/i0.wp.com\/elterritorialweb.com.ar\/web\/wp-content\/uploads\/2024\/03\/IMG-20240310-WA0015.jpg\"><img data-recalc-dims=\"1\" decoding=\"async\" width=\"640\" height=\"427\" data-src=\"https:\/\/i0.wp.com\/elterritorialweb.com.ar\/web\/wp-content\/uploads\/2024\/03\/IMG-20240310-WA0015.jpg?resize=640%2C427\" alt=\"\" class=\"wp-image-64314 lazyload\" data-srcset=\"https:\/\/i0.wp.com\/elterritorialweb.com.ar\/web\/wp-content\/uploads\/2024\/03\/IMG-20240310-WA0015.jpg?w=960&amp;ssl=1 960w, https:\/\/i0.wp.com\/elterritorialweb.com.ar\/web\/wp-content\/uploads\/2024\/03\/IMG-20240310-WA0015.jpg?resize=300%2C200&amp;ssl=1 300w, https:\/\/i0.wp.com\/elterritorialweb.com.ar\/web\/wp-content\/uploads\/2024\/03\/IMG-20240310-WA0015.jpg?resize=768%2C512&amp;ssl=1 768w\" data-sizes=\"(max-width: 640px) 100vw, 640px\" src=\"data:image\/svg+xml;base64,PHN2ZyB3aWR0aD0iMSIgaGVpZ2h0PSIxIiB4bWxucz0iaHR0cDovL3d3dy53My5vcmcvMjAwMC9zdmciPjwvc3ZnPg==\" style=\"--smush-placeholder-width: 640px; --smush-placeholder-aspect-ratio: 640\/427;\" \/><\/a><\/figure>\n\n\n\n<p>Estuvieron presentes en la premiaci\u00f3n el presidente de la Asociaci\u00f3n Santiague\u00f1a de Triatl\u00f3n y miembro de la Federaci\u00f3n Argentina, Alberto Barrionuevo, y la coordinadora del evento, Yolmary V\u00e1zquez.<\/p>\n\n\n\n<p>La actividad inici\u00f3 a las 9 con nado en la Eco Playa, seguido por vueltas de ciclismo en el Aut\u00f3dromo Internacional y finaliz\u00f3 con vueltas de pedestrismo en la Costanera del Lago.<\/p>\n\n\n\n<figure class=\"wp-block-image size-large\"><a href=\"https:\/\/i0.wp.com\/elterritorialweb.com.ar\/web\/wp-content\/uploads\/2024\/03\/IMG-20240310-WA0022-scaled.jpg\"><img data-recalc-dims=\"1\" decoding=\"async\" width=\"640\" height=\"427\" data-src=\"https:\/\/i0.wp.com\/elterritorialweb.com.ar\/web\/wp-content\/uploads\/2024\/03\/IMG-20240310-WA0022.jpg?resize=640%2C427\" alt=\"\" class=\"wp-image-64315 lazyload\" data-srcset=\"https:\/\/i0.wp.com\/elterritorialweb.com.ar\/web\/wp-content\/uploads\/2024\/03\/IMG-20240310-WA0022-scaled.jpg?resize=1024%2C683&amp;ssl=1 1024w, https:\/\/i0.wp.com\/elterritorialweb.com.ar\/web\/wp-content\/uploads\/2024\/03\/IMG-20240310-WA0022-scaled.jpg?resize=300%2C200&amp;ssl=1 300w, https:\/\/i0.wp.com\/elterritorialweb.com.ar\/web\/wp-content\/uploads\/2024\/03\/IMG-20240310-WA0022-scaled.jpg?resize=768%2C512&amp;ssl=1 768w, https:\/\/i0.wp.com\/elterritorialweb.com.ar\/web\/wp-content\/uploads\/2024\/03\/IMG-20240310-WA0022-scaled.jpg?resize=1536%2C1024&amp;ssl=1 1536w, https:\/\/i0.wp.com\/elterritorialweb.com.ar\/web\/wp-content\/uploads\/2024\/03\/IMG-20240310-WA0022-scaled.jpg?resize=2048%2C1365&amp;ssl=1 2048w, https:\/\/i0.wp.com\/elterritorialweb.com.ar\/web\/wp-content\/uploads\/2024\/03\/IMG-20240310-WA0022-scaled.jpg?w=1280 1280w, https:\/\/i0.wp.com\/elterritorialweb.com.ar\/web\/wp-content\/uploads\/2024\/03\/IMG-20240310-WA0022-scaled.jpg?w=1920 1920w\" data-sizes=\"(max-width: 640px) 100vw, 640px\" src=\"data:image\/svg+xml;base64,PHN2ZyB3aWR0aD0iMSIgaGVpZ2h0PSIxIiB4bWxucz0iaHR0cDovL3d3dy53My5vcmcvMjAwMC9zdmciPjwvc3ZnPg==\" style=\"--smush-placeholder-width: 640px; --smush-placeholder-aspect-ratio: 640\/427;\" \/><\/a><\/figure>\n\n\n\n<p>Al finalizar el evento, los deportistas que hicieron los mejores tiempos destacaron la infraestructura del Aut\u00f3dromo Internacional; la belleza del lago y sus alrededores, donde se disput\u00f3 la competencia <span style=\"font-size: revert; color: initial;\">general, el catamarque\u00f1o Mat\u00edas Vega se alz\u00f3 con el primero puesto, escoltado por el tucumano Alejandro Bulacio en segundo lugar y tercero qued\u00f3 su comprovinciano Matero Corval\u00e1n.<\/span><\/p>\n","protected":false},"excerpt":{"rendered":"<p>Con la participaci\u00f3n de m\u00e1s de 100 atletas destacados de Catamarca, Salta, Tucum\u00e1n y de Santiago del Estero, se realiz\u00f3 la Copa Argentina de Triatl\u00f3n, que tuvo lugar por primera vez en el Circuito Internacional de Las Termas de R\u00edo Hondo, la Costanera y la Eco Playa. <\/p>\n","protected":false},"author":2,"featured_media":64313,"comment_status":"open","ping_status":"open","sticky":false,"template":"","format":"standard","meta":{"om_disable_all_campaigns":false,"_monsterinsights_skip_tracking":false,"_monsterinsights_sitenote_active":false,"_monsterinsights_sitenote_note":"","_monsterinsights_sitenote_category":0,"_uf_show_specific_survey":0,"_uf_disable_surveys":false,"jetpack_post_was_ever_published":false,"_jetpack_newsletter_access":"","_jetpack_dont_email_post_to_subs":false,"_jetpack_newsletter_tier_id":0,"_jetpack_memberships_contains_paywalled_content":false,"_jetpack_memberships_contains_paid_content":false,"footnotes":"","jetpack_publicize_message":"","jetpack_publicize_feature_enabled":true,"jetpack_social_post_already_shared":true,"jetpack_social_options":{"image_generator_settings":{"template":"highway","default_image_id":0,"font":"","enabled":false},"version":2}},"categories":[6,633],"tags":[],"class_list":["post-64286","post","type-post","status-publish","format-standard","has-post-thumbnail","hentry","category-deportes","category-termas-de-rio-hondo"],"aioseo_notices":[],"views":15,"jetpack_publicize_connections":[],"jetpack_featured_media_url":"https:\/\/i0.wp.com\/elterritorialweb.com.ar\/web\/wp-content\/uploads\/2024\/03\/IMG-20240310-WA0019-scaled.jpg?fit=2560%2C1707&ssl=1","jetpack_sharing_enabled":true,"_links":{"self":[{"href":"https:\/\/elterritorialweb.com.ar\/web\/wp-json\/wp\/v2\/posts\/64286","targetHints":{"allow":["GET"]}}],"collection":[{"href":"https:\/\/elterritorialweb.com.ar\/web\/wp-json\/wp\/v2\/posts"}],"about":[{"href":"https:\/\/elterritorialweb.com.ar\/web\/wp-json\/wp\/v2\/types\/post"}],"author":[{"embeddable":true,"href":"https:\/\/elterritorialweb.com.ar\/web\/wp-json\/wp\/v2\/users\/2"}],"replies":[{"embeddable":true,"href":"https:\/\/elterritorialweb.com.ar\/web\/wp-json\/wp\/v2\/comments?post=64286"}],"version-history":[{"count":1,"href":"https:\/\/elterritorialweb.com.ar\/web\/wp-json\/wp\/v2\/posts\/64286\/revisions"}],"predecessor-version":[{"id":64316,"href":"https:\/\/elterritorialweb.com.ar\/web\/wp-json\/wp\/v2\/posts\/64286\/revisions\/64316"}],"wp:featuredmedia":[{"embeddable":true,"href":"https:\/\/elterritorialweb.com.ar\/web\/wp-json\/wp\/v2\/media\/64313"}],"wp:attachment":[{"href":"https:\/\/elterritorialweb.com.ar\/web\/wp-json\/wp\/v2\/media?parent=64286"}],"wp:term":[{"taxonomy":"category","embeddable":true,"href":"https:\/\/elterritorialweb.com.ar\/web\/wp-json\/wp\/v2\/categories?post=64286"},{"taxonomy":"post_tag","embeddable":true,"href":"https:\/\/elterritorialweb.com.ar\/web\/wp-json\/wp\/v2\/tags?post=64286"}],"curies":[{"name":"wp","href":"https:\/\/api.w.org\/{rel}","templated":true}]}}