{"id":64357,"date":"2024-03-12T21:32:10","date_gmt":"2024-03-12T21:32:10","guid":{"rendered":"https:\/\/elterritorialweb.com.ar\/web\/?p=64357"},"modified":"2024-03-12T21:32:42","modified_gmt":"2024-03-12T21:32:42","slug":"salud-llevo-adelante-una-reunion-con-organizaciones-dedicadas-al-vih","status":"publish","type":"post","link":"https:\/\/elterritorialweb.com.ar\/web\/salud-llevo-adelante-una-reunion-con-organizaciones-dedicadas-al-vih\/","title":{"rendered":"SALUD LLEV\u00d3 ADELANTE UNA REUNI\u00d3N CON ORGANIZACIONES DEDICADAS AL VIH"},"content":{"rendered":"\n<p>La misma estuvo encabezada por el responsable del\u00a0<strong>Programa de ITS \u2013 VIH y Hepatitis Virales<\/strong>,\u00a0<strong>Vittorio Ramos<\/strong>, quien recibi\u00f3 a las organizaciones<strong>\u00a0que expresaron su preocupaci\u00f3n por los recortes nacionales en insumos, y proponiendo acciones para este a\u00f1o.<\/strong><\/p>\n\n\n\n<p>Durante la reuni\u00f3n<strong>&nbsp;se definieron las l\u00edneas de trabajo interdisciplinario entre los diferentes actores sociales, reafirmando el compromiso con la prevenci\u00f3n y asistencia m\u00e9dica del VIH.<\/strong><\/p>\n\n\n\n<p>Por ello se continuar\u00e1 fortaleciendo las tareas existentes y se crear\u00e1n nuevos lugares de testeos en la provincia para garantizar un acceso m\u00e1s f\u00e1cil al sistema. Asimismo, se informaron las medidas tomadas por la provincia ante<strong>&nbsp;los recortes del Gobierno Nacional, asegurando una respuesta inmediata a esta necesidad.<\/strong><\/p>\n\n\n\n<p>Este programa provincial&nbsp;<strong>articula su trabajo con con unidades penitenciarias, escuelas, municipios y organizaciones no gubernamentales como Fundaci\u00f3n Hu\u00e9sped y organizaciones provinciales<\/strong>, desarrollando acciones y pol\u00edticas efectivas durante todo el a\u00f1o.<\/p>\n","protected":false},"excerpt":{"rendered":"<p>El Programa de ITS \u2013 VIH y Hepatitis Virales del Ministerio de Salud, llev\u00f3 adelante una reuni\u00f3n de trabajo con organizaciones de la sociedad civil, dedicadas al VIH.<\/p>\n","protected":false},"author":2,"featured_media":64358,"comment_status":"open","ping_status":"open","sticky":false,"template":"","format":"standard","meta":{"om_disable_all_campaigns":false,"_monsterinsights_skip_tracking":false,"_monsterinsights_sitenote_active":false,"_monsterinsights_sitenote_note":"","_monsterinsights_sitenote_category":0,"_uf_show_specific_survey":0,"_uf_disable_surveys":false,"jetpack_post_was_ever_published":false,"_jetpack_newsletter_access":"","_jetpack_dont_email_post_to_subs":false,"_jetpack_newsletter_tier_id":0,"_jetpack_memberships_contains_paywalled_content":false,"_jetpack_memberships_contains_paid_content":false,"footnotes":"","jetpack_publicize_message":"","jetpack_publicize_feature_enabled":true,"jetpack_social_post_already_shared":true,"jetpack_social_options":{"image_generator_settings":{"template":"highway","default_image_id":0,"font":"","enabled":false},"version":2}},"categories":[3],"tags":[287],"class_list":["post-64357","post","type-post","status-publish","format-standard","has-post-thumbnail","hentry","category-salud","tag-ministerio-de-salud-de-santiago-del-estero"],"aioseo_notices":[],"views":9,"jetpack_publicize_connections":[],"jetpack_featured_media_url":"https:\/\/i0.wp.com\/elterritorialweb.com.ar\/web\/wp-content\/uploads\/2024\/03\/432351044_727665109555016_2729525367853678225_n-e1710250490881-768x368-1.jpg?fit=768%2C368&ssl=1","jetpack_sharing_enabled":true,"_links":{"self":[{"href":"https:\/\/elterritorialweb.com.ar\/web\/wp-json\/wp\/v2\/posts\/64357","targetHints":{"allow":["GET"]}}],"collection":[{"href":"https:\/\/elterritorialweb.com.ar\/web\/wp-json\/wp\/v2\/posts"}],"about":[{"href":"https:\/\/elterritorialweb.com.ar\/web\/wp-json\/wp\/v2\/types\/post"}],"author":[{"embeddable":true,"href":"https:\/\/elterritorialweb.com.ar\/web\/wp-json\/wp\/v2\/users\/2"}],"replies":[{"embeddable":true,"href":"https:\/\/elterritorialweb.com.ar\/web\/wp-json\/wp\/v2\/comments?post=64357"}],"version-history":[{"count":1,"href":"https:\/\/elterritorialweb.com.ar\/web\/wp-json\/wp\/v2\/posts\/64357\/revisions"}],"predecessor-version":[{"id":64359,"href":"https:\/\/elterritorialweb.com.ar\/web\/wp-json\/wp\/v2\/posts\/64357\/revisions\/64359"}],"wp:featuredmedia":[{"embeddable":true,"href":"https:\/\/elterritorialweb.com.ar\/web\/wp-json\/wp\/v2\/media\/64358"}],"wp:attachment":[{"href":"https:\/\/elterritorialweb.com.ar\/web\/wp-json\/wp\/v2\/media?parent=64357"}],"wp:term":[{"taxonomy":"category","embeddable":true,"href":"https:\/\/elterritorialweb.com.ar\/web\/wp-json\/wp\/v2\/categories?post=64357"},{"taxonomy":"post_tag","embeddable":true,"href":"https:\/\/elterritorialweb.com.ar\/web\/wp-json\/wp\/v2\/tags?post=64357"}],"curies":[{"name":"wp","href":"https:\/\/api.w.org\/{rel}","templated":true}]}}