{"id":64360,"date":"2024-03-12T21:41:29","date_gmt":"2024-03-12T21:41:29","guid":{"rendered":"https:\/\/elterritorialweb.com.ar\/web\/?p=64360"},"modified":"2024-03-12T21:41:32","modified_gmt":"2024-03-12T21:41:32","slug":"el-gobernador-recibio-la-visita-del-presidente-del-club-belgrano-de-cordoba","status":"publish","type":"post","link":"https:\/\/elterritorialweb.com.ar\/web\/el-gobernador-recibio-la-visita-del-presidente-del-club-belgrano-de-cordoba\/","title":{"rendered":"EL GOBERNADOR RECIBI\u00d3 LA VISITA DEL PRESIDENTE DEL CLUB BELGRANO DE C\u00d3RDOBA"},"content":{"rendered":"\n<p>El gobernador\u00a0<strong>Gerardo Zamora<\/strong>\u00a0recibi\u00f3 este martes en Casa de Gobierno al presidente del Club Atl\u00e9tico Belgrano de C\u00f3rdoba,\u00a0<strong>Luis Fabi\u00e1n Artime<\/strong>, quien se encuentra en la provincia con motivo del partido que se disputar\u00e1 esta noche frente a\u00a0<strong>Central C\u00f3rdoba en el Estadio \u00danico Madre de Ciudades\u00a0<\/strong>por la fecha 10 de la copa de la Liga\u00a0<strong>Profesional de F\u00fatbol 2024<\/strong>.<\/p>\n\n\n\n<figure class=\"wp-block-image size-large\"><a href=\"https:\/\/i0.wp.com\/elterritorialweb.com.ar\/web\/wp-content\/uploads\/2024\/03\/IMG-20240312-WA0017.jpg\"><img data-recalc-dims=\"1\" decoding=\"async\" width=\"640\" height=\"426\" data-src=\"https:\/\/i0.wp.com\/elterritorialweb.com.ar\/web\/wp-content\/uploads\/2024\/03\/IMG-20240312-WA0017.jpg?resize=640%2C426\" alt=\"\" class=\"wp-image-64362 lazyload\" data-srcset=\"https:\/\/i0.wp.com\/elterritorialweb.com.ar\/web\/wp-content\/uploads\/2024\/03\/IMG-20240312-WA0017.jpg?resize=1024%2C682&amp;ssl=1 1024w, https:\/\/i0.wp.com\/elterritorialweb.com.ar\/web\/wp-content\/uploads\/2024\/03\/IMG-20240312-WA0017.jpg?resize=300%2C200&amp;ssl=1 300w, https:\/\/i0.wp.com\/elterritorialweb.com.ar\/web\/wp-content\/uploads\/2024\/03\/IMG-20240312-WA0017.jpg?resize=768%2C512&amp;ssl=1 768w, https:\/\/i0.wp.com\/elterritorialweb.com.ar\/web\/wp-content\/uploads\/2024\/03\/IMG-20240312-WA0017.jpg?resize=1536%2C1024&amp;ssl=1 1536w, https:\/\/i0.wp.com\/elterritorialweb.com.ar\/web\/wp-content\/uploads\/2024\/03\/IMG-20240312-WA0017.jpg?resize=2048%2C1365&amp;ssl=1 2048w, https:\/\/i0.wp.com\/elterritorialweb.com.ar\/web\/wp-content\/uploads\/2024\/03\/IMG-20240312-WA0017.jpg?w=1280 1280w, https:\/\/i0.wp.com\/elterritorialweb.com.ar\/web\/wp-content\/uploads\/2024\/03\/IMG-20240312-WA0017.jpg?w=1920 1920w\" data-sizes=\"(max-width: 640px) 100vw, 640px\" src=\"data:image\/svg+xml;base64,PHN2ZyB3aWR0aD0iMSIgaGVpZ2h0PSIxIiB4bWxucz0iaHR0cDovL3d3dy53My5vcmcvMjAwMC9zdmciPjwvc3ZnPg==\" style=\"--smush-placeholder-width: 640px; --smush-placeholder-aspect-ratio: 640\/426;\" \/><\/a><\/figure>\n\n\n\n<p>El encuentro se llev\u00f3 a cabo en el sal\u00f3n de reuniones, donde el mandatario estuvo acompa\u00f1ado por el secretario de Deportes,\u00a0<strong>Carlos Dapello<\/strong>. Por su parte, junto al directivo de la entidad de C\u00f3rdoba estuvo Luciano Moscone.<\/p>\n\n\n\n<p><strong>Durante el encuentro hubo un intercambio de presentes y una charla amena sobre la actividad deportiva<\/strong>, en la que plantearon el deseo de llevar adelante acciones colaborativas entre la provincia y el club.<\/p>\n","protected":false},"excerpt":{"rendered":"<p>El encuentro tuvo lugar en el Sal\u00f3n de reuniones de Casa de Gobierno.<\/p>\n","protected":false},"author":2,"featured_media":64361,"comment_status":"open","ping_status":"open","sticky":false,"template":"","format":"standard","meta":{"om_disable_all_campaigns":false,"_monsterinsights_skip_tracking":false,"_monsterinsights_sitenote_active":false,"_monsterinsights_sitenote_note":"","_monsterinsights_sitenote_category":0,"_uf_show_specific_survey":0,"_uf_disable_surveys":false,"jetpack_post_was_ever_published":false,"_jetpack_newsletter_access":"","_jetpack_dont_email_post_to_subs":false,"_jetpack_newsletter_tier_id":0,"_jetpack_memberships_contains_paywalled_content":false,"_jetpack_memberships_contains_paid_content":false,"footnotes":"","jetpack_publicize_message":"","jetpack_publicize_feature_enabled":true,"jetpack_social_post_already_shared":true,"jetpack_social_options":{"image_generator_settings":{"template":"highway","default_image_id":0,"font":"","enabled":false},"version":2}},"categories":[21],"tags":[59,952],"class_list":["post-64360","post","type-post","status-publish","format-standard","has-post-thumbnail","hentry","category-locales","tag-gerardo-zamora","tag-luis-fabian-arrime"],"aioseo_notices":[],"views":13,"jetpack_publicize_connections":[],"jetpack_featured_media_url":"https:\/\/i0.wp.com\/elterritorialweb.com.ar\/web\/wp-content\/uploads\/2024\/03\/IMG-20240312-WA0016.jpg?fit=2560%2C1706&ssl=1","jetpack_sharing_enabled":true,"_links":{"self":[{"href":"https:\/\/elterritorialweb.com.ar\/web\/wp-json\/wp\/v2\/posts\/64360","targetHints":{"allow":["GET"]}}],"collection":[{"href":"https:\/\/elterritorialweb.com.ar\/web\/wp-json\/wp\/v2\/posts"}],"about":[{"href":"https:\/\/elterritorialweb.com.ar\/web\/wp-json\/wp\/v2\/types\/post"}],"author":[{"embeddable":true,"href":"https:\/\/elterritorialweb.com.ar\/web\/wp-json\/wp\/v2\/users\/2"}],"replies":[{"embeddable":true,"href":"https:\/\/elterritorialweb.com.ar\/web\/wp-json\/wp\/v2\/comments?post=64360"}],"version-history":[{"count":1,"href":"https:\/\/elterritorialweb.com.ar\/web\/wp-json\/wp\/v2\/posts\/64360\/revisions"}],"predecessor-version":[{"id":64363,"href":"https:\/\/elterritorialweb.com.ar\/web\/wp-json\/wp\/v2\/posts\/64360\/revisions\/64363"}],"wp:featuredmedia":[{"embeddable":true,"href":"https:\/\/elterritorialweb.com.ar\/web\/wp-json\/wp\/v2\/media\/64361"}],"wp:attachment":[{"href":"https:\/\/elterritorialweb.com.ar\/web\/wp-json\/wp\/v2\/media?parent=64360"}],"wp:term":[{"taxonomy":"category","embeddable":true,"href":"https:\/\/elterritorialweb.com.ar\/web\/wp-json\/wp\/v2\/categories?post=64360"},{"taxonomy":"post_tag","embeddable":true,"href":"https:\/\/elterritorialweb.com.ar\/web\/wp-json\/wp\/v2\/tags?post=64360"}],"curies":[{"name":"wp","href":"https:\/\/api.w.org\/{rel}","templated":true}]}}