{"id":64368,"date":"2024-03-13T00:03:31","date_gmt":"2024-03-13T00:03:31","guid":{"rendered":"https:\/\/elterritorialweb.com.ar\/web\/?p=64368"},"modified":"2024-03-13T00:03:34","modified_gmt":"2024-03-13T00:03:34","slug":"se-realizara-una-clase-abierta-en-defensa-de-la-universidad-publica","status":"publish","type":"post","link":"https:\/\/elterritorialweb.com.ar\/web\/se-realizara-una-clase-abierta-en-defensa-de-la-universidad-publica\/","title":{"rendered":"SE REALIZAR\u00c1 UNA CLASE ABIERTA EN DEFENSA DE LA UNIVERSIDAD P\u00daBLICA"},"content":{"rendered":"\n<p>En respuesta al ajuste a las universidades nacionales por parte de la presidencia Milei y en defensa a la educaci\u00f3n p\u00fablica y gratuita, se brindar\u00e1 este jueves una clase p\u00fablica en el marco del paro nacional convocado por las centrales de trabajadores y trabajadoras universitarias. <\/p>\n\n\n\n<p>La misma tendr\u00e1 lugar desde las 9:30 en el patio delantero de la Facultad de Humanidades, Ciencias Sociales y de la Salud de la UNSE, frente al Hospital Regional, como estrategia de visibilizaci\u00f3n ante las medidas que afectar\u00e1n marcadamente a todo el sistema universitario p\u00fablico.<\/p>\n\n\n\n<p>Desde la Asamblea Universitaria Permanente, organizadora de la actividad, anunciaron que el objetivo principal de esta clase p\u00fablica es la visibilizaci\u00f3n y concientizaci\u00f3n de la sociedad santiague\u00f1a sobre la situaci\u00f3n universitaria tanto de la UNSE como del resto de las universidades nacionales, frente a un ajuste que anticipa un desarrollo del a\u00f1o acad\u00e9mico complejo.<\/p>\n\n\n\n<p>La importancia de visibilizar y concientizar a la sociedad santiague\u00f1a, como es de conocimiento p\u00fablico, desde diferentes sectores de la sociedad alineados al gobierno nacional se promueve una agenda de temas que degrada a la universidad y aporta a la construcci\u00f3n de un sentido com\u00fan anticient\u00edfico y antiacad\u00e9mico. <\/p>\n\n\n\n<p>En ese sentido es que desde la Asamblea se viene fomentando una presencia activa en las redes sociales y otros contextos para as\u00ed exponer la actual situaci\u00f3n en la arena p\u00fablica.<\/p>\n\n\n\n<figure class=\"wp-block-image size-large\"><a href=\"https:\/\/i0.wp.com\/elterritorialweb.com.ar\/web\/wp-content\/uploads\/2024\/03\/IMG-20240312-WA0025.jpg\"><img data-recalc-dims=\"1\" decoding=\"async\" width=\"640\" height=\"480\" data-src=\"https:\/\/i0.wp.com\/elterritorialweb.com.ar\/web\/wp-content\/uploads\/2024\/03\/IMG-20240312-WA0025.jpg?resize=640%2C480\" alt=\"\" class=\"wp-image-64371 lazyload\" data-srcset=\"https:\/\/i0.wp.com\/elterritorialweb.com.ar\/web\/wp-content\/uploads\/2024\/03\/IMG-20240312-WA0025.jpg?resize=1024%2C768&amp;ssl=1 1024w, https:\/\/i0.wp.com\/elterritorialweb.com.ar\/web\/wp-content\/uploads\/2024\/03\/IMG-20240312-WA0025.jpg?resize=300%2C225&amp;ssl=1 300w, https:\/\/i0.wp.com\/elterritorialweb.com.ar\/web\/wp-content\/uploads\/2024\/03\/IMG-20240312-WA0025.jpg?resize=768%2C576&amp;ssl=1 768w, https:\/\/i0.wp.com\/elterritorialweb.com.ar\/web\/wp-content\/uploads\/2024\/03\/IMG-20240312-WA0025.jpg?w=1156&amp;ssl=1 1156w\" data-sizes=\"(max-width: 640px) 100vw, 640px\" src=\"data:image\/svg+xml;base64,PHN2ZyB3aWR0aD0iMSIgaGVpZ2h0PSIxIiB4bWxucz0iaHR0cDovL3d3dy53My5vcmcvMjAwMC9zdmciPjwvc3ZnPg==\" style=\"--smush-placeholder-width: 640px; --smush-placeholder-aspect-ratio: 640\/480;\" \/><\/a><\/figure>\n\n\n\n<p>Es por ello que desde la Asamblea Universitaria Permanente se invita a la toda la sociedad a seguir la cuenta <a href=\"https:\/\/www.instagram.com\/asambleauniversitaria.sde?igsh=MWtlZWw0cWk2ZTEyZQ==\" data-type=\"URL\" data-id=\"https:\/\/www.instagram.com\/asambleauniversitaria.sde?igsh=MWtlZWw0cWk2ZTEyZQ==\">@asambleauniversitaria.sde<\/a> en Instagram y Facebook.<\/p>\n\n\n\n<p>C\u00f3mo est\u00e1 el contexto universitario nacional<br>D\u00edas pasados, en un documento socializado por los rectores y las rectoras, reunidas en el Consejo Interuniversitario Nacional (CIN), advirtieron sobre la dif\u00edcil situaci\u00f3n por la que atraviesa el sistema universitario p\u00fablico nacional, sosteniendo la necesidad de incrementar razonablemente los gastos de funcionamiento mensuales, actualizar los salarios de docentes y nodocentes, dar continuidad a los programas universitarios vigentes destinados a inversi\u00f3n en obras de infraestructura, equipamiento y sostenimiento de los programas de becas, y garantizar el presupuesto necesario para sostener las actividades de ciencia, tecnolog\u00eda y extensi\u00f3n.<\/p>\n\n\n\n<p>El paro en universidades nacionales que se desarrollar\u00e1 este jueves 14, de 24 horas de duraci\u00f3n y sin asistencia a los puestos de trabajo, es una respuesta al congelamiento del presupuesto universitario, la suspensi\u00f3n de las becas para estudiantes, el desguace en Ciencia y Tecnolog\u00eda, y la quita salarial del FONID para el nivel preuniversitario.<\/p>\n\n\n\n<p><\/p>\n","protected":false},"excerpt":{"rendered":"<p>Este jueves, en la Facultad de Humanidades, se realizar\u00e1 la actividad en medio del Paro Nacional convocado por las centrales de trabajadores universitarios <\/p>\n","protected":false},"author":2,"featured_media":64370,"comment_status":"open","ping_status":"open","sticky":false,"template":"","format":"standard","meta":{"om_disable_all_campaigns":false,"_monsterinsights_skip_tracking":false,"_monsterinsights_sitenote_active":false,"_monsterinsights_sitenote_note":"","_monsterinsights_sitenote_category":0,"_uf_show_specific_survey":0,"_uf_disable_surveys":false,"jetpack_post_was_ever_published":false,"_jetpack_newsletter_access":"","_jetpack_dont_email_post_to_subs":false,"_jetpack_newsletter_tier_id":0,"_jetpack_memberships_contains_paywalled_content":false,"_jetpack_memberships_contains_paid_content":false,"footnotes":"","jetpack_publicize_message":"","jetpack_publicize_feature_enabled":true,"jetpack_social_post_already_shared":true,"jetpack_social_options":{"image_generator_settings":{"template":"highway","default_image_id":0,"font":"","enabled":false},"version":2}},"categories":[19],"tags":[],"class_list":["post-64368","post","type-post","status-publish","format-standard","has-post-thumbnail","hentry","category-educacion"],"aioseo_notices":[],"views":24,"jetpack_publicize_connections":[],"jetpack_featured_media_url":"https:\/\/i0.wp.com\/elterritorialweb.com.ar\/web\/wp-content\/uploads\/2024\/03\/IMG-20240312-WA0024.jpg?fit=1032%2C774&ssl=1","jetpack_sharing_enabled":true,"_links":{"self":[{"href":"https:\/\/elterritorialweb.com.ar\/web\/wp-json\/wp\/v2\/posts\/64368","targetHints":{"allow":["GET"]}}],"collection":[{"href":"https:\/\/elterritorialweb.com.ar\/web\/wp-json\/wp\/v2\/posts"}],"about":[{"href":"https:\/\/elterritorialweb.com.ar\/web\/wp-json\/wp\/v2\/types\/post"}],"author":[{"embeddable":true,"href":"https:\/\/elterritorialweb.com.ar\/web\/wp-json\/wp\/v2\/users\/2"}],"replies":[{"embeddable":true,"href":"https:\/\/elterritorialweb.com.ar\/web\/wp-json\/wp\/v2\/comments?post=64368"}],"version-history":[{"count":1,"href":"https:\/\/elterritorialweb.com.ar\/web\/wp-json\/wp\/v2\/posts\/64368\/revisions"}],"predecessor-version":[{"id":64372,"href":"https:\/\/elterritorialweb.com.ar\/web\/wp-json\/wp\/v2\/posts\/64368\/revisions\/64372"}],"wp:featuredmedia":[{"embeddable":true,"href":"https:\/\/elterritorialweb.com.ar\/web\/wp-json\/wp\/v2\/media\/64370"}],"wp:attachment":[{"href":"https:\/\/elterritorialweb.com.ar\/web\/wp-json\/wp\/v2\/media?parent=64368"}],"wp:term":[{"taxonomy":"category","embeddable":true,"href":"https:\/\/elterritorialweb.com.ar\/web\/wp-json\/wp\/v2\/categories?post=64368"},{"taxonomy":"post_tag","embeddable":true,"href":"https:\/\/elterritorialweb.com.ar\/web\/wp-json\/wp\/v2\/tags?post=64368"}],"curies":[{"name":"wp","href":"https:\/\/api.w.org\/{rel}","templated":true}]}}