{"id":64373,"date":"2024-03-13T00:25:20","date_gmt":"2024-03-13T00:25:20","guid":{"rendered":"https:\/\/elterritorialweb.com.ar\/web\/?p=64373"},"modified":"2024-03-13T00:25:23","modified_gmt":"2024-03-13T00:25:23","slug":"para-concientizar-en-el-dia-mundial-del-rinon-efectuaran-controles-a-mayores-de-18-anos-en-el-regional","status":"publish","type":"post","link":"https:\/\/elterritorialweb.com.ar\/web\/para-concientizar-en-el-dia-mundial-del-rinon-efectuaran-controles-a-mayores-de-18-anos-en-el-regional\/","title":{"rendered":"PARA CONCIENTIZAR EN EL D\u00cdA MUNDIAL DEL RI\u00d1ON, EFECTUAR\u00c1N CONTROLES A MAYORES DE 18 A\u00d1OS EN EL REGIONAL"},"content":{"rendered":"\n<p>Ese d\u00eda, en el hall del&nbsp;<strong>Hospital Regional<\/strong>, el<strong>&nbsp;Servicio de Nefrolog\u00eda y Laboratorio ofrecer\u00e1 controles gratuitos<\/strong>&nbsp;por orden de llegada, a toda la comunidad&nbsp;<strong>mayor de 18 a\u00f1os, de 9 a 11 horas<\/strong>. Se realizar\u00e1n controles de&nbsp;<strong>peso, talla, presi\u00f3n arterial, laboratorio de sangre y de orina (se recomienda concurrir con una muestra de orina).<\/strong><\/p>\n\n\n\n<p>El&nbsp;<strong>Dr. Mario Ugozzoli<\/strong>, nefr\u00f3logo y jefe del&nbsp;<strong>Servicio del Hospital Regional \u201cDr Ram\u00f3n Carrillo\u201d<\/strong>&nbsp;explic\u00f3 que la&nbsp;<strong>enfermedad renal&nbsp;<\/strong>\u201ces una patolog\u00eda en la cual los ri\u00f1ones se alteran en su funcionamiento. Por eso se concientiza a todos los pacientes con factores de riesgo como son las personas con diabetes, hipertensi\u00f3n, pacientes con alguna patolog\u00eda cardiovascular, con antecedentes de familiares con enfermedades renales o mayores de 50 a\u00f1os, para que se realicen un chequeo\u201d.<\/p>\n\n\n\n<p>La manifestaci\u00f3n m\u00e1s grave de la enfermedad renal es la<strong>&nbsp;insuficiencia renal cr\u00f3nica terminal (IRCT)<\/strong>, que lleva al paciente a la necesidad de terapia de sustituci\u00f3n renal, como son la&nbsp;<strong>di\u00e1lisis o la necesidad de un trasplante renal.<\/strong><\/p>\n\n\n\n<p><strong>La enfermedad renal se puede prevenir y su progresi\u00f3n se puede retrasar con el acceso apropiado a diagn\u00f3sticos b\u00e1sicos y tratamiento temprano.<\/strong><\/p>\n","protected":false},"excerpt":{"rendered":"<p>El pr\u00f3ximo jueves 14 de marzo, el Ministerio de Salud se sumar\u00e1 a la celebraci\u00f3n del D\u00eda Mundial del Ri\u00f1\u00f3n con el objetivo de sensibilizar y crear conciencia en la sociedad sobre la importancia del cuidado de los ri\u00f1ones, a trav\u00e9s de los h\u00e1bitos de vida saludables y controles peri\u00f3dicos.<\/p>\n","protected":false},"author":2,"featured_media":64374,"comment_status":"open","ping_status":"open","sticky":false,"template":"","format":"standard","meta":{"om_disable_all_campaigns":false,"_monsterinsights_skip_tracking":false,"_monsterinsights_sitenote_active":false,"_monsterinsights_sitenote_note":"","_monsterinsights_sitenote_category":0,"_uf_show_specific_survey":0,"_uf_disable_surveys":false,"jetpack_post_was_ever_published":false,"_jetpack_newsletter_access":"","_jetpack_dont_email_post_to_subs":false,"_jetpack_newsletter_tier_id":0,"_jetpack_memberships_contains_paywalled_content":false,"_jetpack_memberships_contains_paid_content":false,"footnotes":"","jetpack_publicize_message":"","jetpack_publicize_feature_enabled":true,"jetpack_social_post_already_shared":true,"jetpack_social_options":{"image_generator_settings":{"template":"highway","default_image_id":0,"font":"","enabled":false},"version":2}},"categories":[3],"tags":[],"class_list":["post-64373","post","type-post","status-publish","format-standard","has-post-thumbnail","hentry","category-salud"],"aioseo_notices":[],"views":14,"jetpack_publicize_connections":[],"jetpack_featured_media_url":"https:\/\/i0.wp.com\/elterritorialweb.com.ar\/web\/wp-content\/uploads\/2024\/03\/rinones-768x432-1.jpg?fit=768%2C432&ssl=1","jetpack_sharing_enabled":true,"_links":{"self":[{"href":"https:\/\/elterritorialweb.com.ar\/web\/wp-json\/wp\/v2\/posts\/64373","targetHints":{"allow":["GET"]}}],"collection":[{"href":"https:\/\/elterritorialweb.com.ar\/web\/wp-json\/wp\/v2\/posts"}],"about":[{"href":"https:\/\/elterritorialweb.com.ar\/web\/wp-json\/wp\/v2\/types\/post"}],"author":[{"embeddable":true,"href":"https:\/\/elterritorialweb.com.ar\/web\/wp-json\/wp\/v2\/users\/2"}],"replies":[{"embeddable":true,"href":"https:\/\/elterritorialweb.com.ar\/web\/wp-json\/wp\/v2\/comments?post=64373"}],"version-history":[{"count":1,"href":"https:\/\/elterritorialweb.com.ar\/web\/wp-json\/wp\/v2\/posts\/64373\/revisions"}],"predecessor-version":[{"id":64375,"href":"https:\/\/elterritorialweb.com.ar\/web\/wp-json\/wp\/v2\/posts\/64373\/revisions\/64375"}],"wp:featuredmedia":[{"embeddable":true,"href":"https:\/\/elterritorialweb.com.ar\/web\/wp-json\/wp\/v2\/media\/64374"}],"wp:attachment":[{"href":"https:\/\/elterritorialweb.com.ar\/web\/wp-json\/wp\/v2\/media?parent=64373"}],"wp:term":[{"taxonomy":"category","embeddable":true,"href":"https:\/\/elterritorialweb.com.ar\/web\/wp-json\/wp\/v2\/categories?post=64373"},{"taxonomy":"post_tag","embeddable":true,"href":"https:\/\/elterritorialweb.com.ar\/web\/wp-json\/wp\/v2\/tags?post=64373"}],"curies":[{"name":"wp","href":"https:\/\/api.w.org\/{rel}","templated":true}]}}