{"id":64376,"date":"2024-03-13T00:35:29","date_gmt":"2024-03-13T00:35:29","guid":{"rendered":"https:\/\/elterritorialweb.com.ar\/web\/?p=64376"},"modified":"2024-03-13T00:35:32","modified_gmt":"2024-03-13T00:35:32","slug":"el-cepsi-fue-becado-por-la-alianza-global-de-st-jude-y-el-instituto-para-el-mejoramiento-de-la-salud","status":"publish","type":"post","link":"https:\/\/elterritorialweb.com.ar\/web\/el-cepsi-fue-becado-por-la-alianza-global-de-st-jude-y-el-instituto-para-el-mejoramiento-de-la-salud\/","title":{"rendered":"EL CEPSI FUE BECADO POR LA ALIANZA GLOBAL DE ST. JUDE Y EL INSTITUTO PARA EL MEJORAMIENTO DE LA SALUD"},"content":{"rendered":"\n<p><strong>Este centro de salud recibir\u00e1 este curso<\/strong>&nbsp;sin costo alguno con certificaci\u00f3n ya que es miembro de la Alianza con<strong>&nbsp;St. Jude Children\u2019s Research Hospital .<\/strong><\/p>\n\n\n\n<p><strong>La capacitaci\u00f3n de los profesionales tiene una duraci\u00f3n de 10 meses&nbsp;<\/strong>y se desarrollaran durante dos martes del mes hasta enero del 2025 y tiene como objetivo principal desarrollar capacidades de mejora de la calidad en un nivel intermedio.<\/p>\n\n\n\n<p>El CMP es un curso interactivo y experiencial que tiene como finalidad apoyar a organizaciones y sistemas de salud a desarrollar la infraestructura de recursos humanos con las habilidades y competencias necesarias para mejorar los procesos de atenci\u00f3n a la salud.<\/p>\n\n\n\n<h3 class=\"wp-block-heading\"><strong>\u00bfQu\u00e9 es la Hora dorada?<\/strong><\/h3>\n\n\n\n<p>La Hora Dorada hace referencia a 60 minutos, lo que representa el tiempo ideal para administrar la primera dosis de antibi\u00f3tico en pacientes con riesgo de neutropenia febril, es decir, fiebre y un n\u00famero de c\u00e9lulas inmunitarias en la sangre (neutr\u00f3filos) m\u00e1s bajo que el normal.<\/p>\n\n\n\n<p>La Hora Dorada es una iniciativa desarrollada por M\u00e9xico en Alianza con St. Jude (MAS) que utiliza la metodolog\u00eda de mejora continua para lograr que el 70% de los pacientes hemato-oncol\u00f3gicos pedi\u00e1tricos con fiebre que se presentan a urgencias reciban la 1\u00aa dosis de antibi\u00f3tico en 60 minutos. En M\u00e9xico, el proyecto inici\u00f3 en el Hospital General de Tijuana, y se difundi\u00f3 a m\u00e1s de 85 instituciones en M\u00e9xico, Centro y Sur Am\u00e9rica, mediante dos rondas de colaboraci\u00f3n denominadas, 1ra y 2da \u201cColaborativa MAS-Hora Dorada\u201d, las cuales ocurrieron de mayo 2019 a noviembre 2020 y noviembre 2021 a mayo 2023, respectivamente.<\/p>\n\n\n\n<p>Las 1ra y 2da Colaborativas MAS fueron conducidas en colaboraci\u00f3n con St. Jude Global y el Instituto para el Mejoramiento de la Salud (Institute for Healthcare Improvement, IHI) e incorporaron: metas y l\u00edneas de tiempo claras, sesiones de aprendizaje virtual, estrategias de medici\u00f3n, base de datos en com\u00fan (SimpleQ), mecanismos de acompa\u00f1amiento para el desarrollo de habilidades, desarrollo , documentaci\u00f3n de ideas de cambio, y apoyo durante la implementaci\u00f3n y oportunidades educativas en la ciencia de mejora en la pr\u00e1ctica.<\/p>\n","protected":false},"excerpt":{"rendered":"<p>Este martes, el CePSI inici\u00f3 su participaci\u00f3n a trav\u00e9s de sesiones virtuales del proyecto de implementaci\u00f3n del proyecto de la Hora Dorada utilizando un Curso del Instituto para el mejoramiento de la salud (IHI) denominado Ciencia de la Mejora en la Pr\u00e1ctica (CMP) como mecanismo de aprendizaje con el fin de garantizar la atenci\u00f3n integral y oportuna del ni\u00f1o con c\u00e1ncer en la instituci\u00f3n.<\/p>\n","protected":false},"author":2,"featured_media":64377,"comment_status":"open","ping_status":"open","sticky":false,"template":"","format":"standard","meta":{"om_disable_all_campaigns":false,"_monsterinsights_skip_tracking":false,"_monsterinsights_sitenote_active":false,"_monsterinsights_sitenote_note":"","_monsterinsights_sitenote_category":0,"_uf_show_specific_survey":0,"_uf_disable_surveys":false,"jetpack_post_was_ever_published":false,"_jetpack_newsletter_access":"","_jetpack_dont_email_post_to_subs":false,"_jetpack_newsletter_tier_id":0,"_jetpack_memberships_contains_paywalled_content":false,"_jetpack_memberships_contains_paid_content":false,"footnotes":"","jetpack_publicize_message":"","jetpack_publicize_feature_enabled":true,"jetpack_social_post_already_shared":true,"jetpack_social_options":{"image_generator_settings":{"template":"highway","default_image_id":0,"font":"","enabled":false},"version":2}},"categories":[3],"tags":[738],"class_list":["post-64376","post","type-post","status-publish","format-standard","has-post-thumbnail","hentry","category-salud","tag-cepsi"],"aioseo_notices":[],"views":16,"jetpack_publicize_connections":[],"jetpack_featured_media_url":"https:\/\/i0.wp.com\/elterritorialweb.com.ar\/web\/wp-content\/uploads\/2024\/03\/IMG-20240312-WA0038-768x432-1.jpg?fit=768%2C432&ssl=1","jetpack_sharing_enabled":true,"_links":{"self":[{"href":"https:\/\/elterritorialweb.com.ar\/web\/wp-json\/wp\/v2\/posts\/64376","targetHints":{"allow":["GET"]}}],"collection":[{"href":"https:\/\/elterritorialweb.com.ar\/web\/wp-json\/wp\/v2\/posts"}],"about":[{"href":"https:\/\/elterritorialweb.com.ar\/web\/wp-json\/wp\/v2\/types\/post"}],"author":[{"embeddable":true,"href":"https:\/\/elterritorialweb.com.ar\/web\/wp-json\/wp\/v2\/users\/2"}],"replies":[{"embeddable":true,"href":"https:\/\/elterritorialweb.com.ar\/web\/wp-json\/wp\/v2\/comments?post=64376"}],"version-history":[{"count":1,"href":"https:\/\/elterritorialweb.com.ar\/web\/wp-json\/wp\/v2\/posts\/64376\/revisions"}],"predecessor-version":[{"id":64378,"href":"https:\/\/elterritorialweb.com.ar\/web\/wp-json\/wp\/v2\/posts\/64376\/revisions\/64378"}],"wp:featuredmedia":[{"embeddable":true,"href":"https:\/\/elterritorialweb.com.ar\/web\/wp-json\/wp\/v2\/media\/64377"}],"wp:attachment":[{"href":"https:\/\/elterritorialweb.com.ar\/web\/wp-json\/wp\/v2\/media?parent=64376"}],"wp:term":[{"taxonomy":"category","embeddable":true,"href":"https:\/\/elterritorialweb.com.ar\/web\/wp-json\/wp\/v2\/categories?post=64376"},{"taxonomy":"post_tag","embeddable":true,"href":"https:\/\/elterritorialweb.com.ar\/web\/wp-json\/wp\/v2\/tags?post=64376"}],"curies":[{"name":"wp","href":"https:\/\/api.w.org\/{rel}","templated":true}]}}