{"id":64379,"date":"2024-03-13T00:40:38","date_gmt":"2024-03-13T00:40:38","guid":{"rendered":"https:\/\/elterritorialweb.com.ar\/web\/?p=64379"},"modified":"2024-03-13T00:40:41","modified_gmt":"2024-03-13T00:40:41","slug":"el-gobernador-zamora-brindara-su-mensaje-anual-en-la-legislatura-el-27-de-abril","status":"publish","type":"post","link":"https:\/\/elterritorialweb.com.ar\/web\/el-gobernador-zamora-brindara-su-mensaje-anual-en-la-legislatura-el-27-de-abril\/","title":{"rendered":"EL GOBERNADOR ZAMORA BRINDAR\u00c1 SU MENSAJE ANUAL EN LA LEGISLATURA EL 27 DE ABRIL"},"content":{"rendered":"\n<p>La nota, rubricada por el\u00a0<strong>gobernador Gerardo Zamora<\/strong>, indica que<strong>\u00a0\u201cen el uso de las facultades conferidas por el art\u00edculo 160\u00b0, Inciso 7\u00b0, de la Constituci\u00f3n Provincial\u201d, presentar\u00e1 su informe sobre el estado general de la provincia el d\u00eda 27 de abril ante la Legislatura.<\/strong><\/p>\n\n\n\n<p>Durante la sesi\u00f3n, los&nbsp;<strong>diputados&nbsp;<\/strong>aprobaron un<strong>&nbsp;proyecto de declaraci\u00f3n<\/strong>&nbsp;donde expresan \u201csu rechazo al cierre de los Centros de Referencia (CDR) dependientes del Ministerio de Capital Humano de la Naci\u00f3n, con el consecuente despido de sus trabajadores y trabajadoras\u201d.<\/p>\n\n\n\n<p>\u201cQueremos manifestar nuestro repudio a las pol\u00edticas de ajuste y retrocesos en t\u00e9rminos de derechos sociales, como tambi\u00e9n la desarticulaci\u00f3n de los organismos nacionales que garantizan el ejercicio efectivo de los derechos de miles de familias, y sobre todo de las m\u00e1s vulnerables, como tambi\u00e9n la defensa irrestricta de los derechos de los trabajadores\u201d,&nbsp;<strong>expresaron<\/strong>.<\/p>\n\n\n\n<p>Otro de los puntos tratados y aprobado fue un proyecto de&nbsp;<strong>Decreto&nbsp;<\/strong>que establece que la&nbsp;<strong>documentaci\u00f3n que emita la C\u00e1mara de Diputados deber\u00e1 llevar la leyenda: \u201c2024 \u2013 A\u00f1o de la Canonizaci\u00f3n de Mar\u00eda Antonia de Paz y Figueroa \u201cMama Antula\u201d-Santa Patrona de la Provincia Ley N\u00b0 7.380\u201d<\/strong>, en concordancia con el&nbsp;<strong>Decreto del Poder Ejecutivo.<\/strong><\/p>\n\n\n\n<p>\u201cDebido a que desde el&nbsp;<strong>Poder Ejecutivo Provincial&nbsp;<\/strong>se decidi\u00f3 instituir este a\u00f1o como el a\u00f1o de homenaje a nuestra santa santiague\u00f1a, invitando a los dem\u00e1s poderes del Estado y gobiernos municipales a tomar id\u00e9ntica medida, el&nbsp;<strong>Poder Legislativo<\/strong>&nbsp;adhiere a la medida tomada mediante este Decreto\u201d, especifica el&nbsp;<strong>Decreto<\/strong>.<\/p>\n\n\n\n<p>El&nbsp;<strong>Parlamento santiague\u00f1o<\/strong>&nbsp;tambi\u00e9n declar\u00f3 de inter\u00e9s los actos por el<strong>&nbsp;D\u00eda del Militante Radical<\/strong>&nbsp;que se conmemora cada 12 de marzo para recordar el d\u00eda del natalicio del fallecido expresidente,&nbsp;<strong>Dr. Ricardo Alfons\u00edn<\/strong>, quien fuera el primer<strong>&nbsp;jefe de Estado<\/strong>&nbsp;desde la recuperaci\u00f3n de la&nbsp;<strong>Democracia en 1983.<\/strong><\/p>\n\n\n\n<p>En este punto, el presidente de la Legislatura,<strong>&nbsp;Dr. Silva Neder<\/strong>&nbsp;felicit\u00f3 y valor\u00f3 el trabajo de los militantes radicales quienes hoy celebran su d\u00eda.<\/p>\n\n\n\n<p>Asimismo, los diputados declararon de inter\u00e9s:<strong>&nbsp;la 8\u00b0 Edici\u00f3n de la Caminata de Mentoreo en Santiago del Estero (16\/03); la 9\u00b0 \u201cMarcha por la Vida\u201d (23\/03) y el benepl\u00e1cito por la labor realizada por el equipo m\u00e9dico del Servicio de Quemaduras Infantiles y Cirug\u00eda Pl\u00e1stica del Centro Provincial de Salud Infantil (Cepsi) Eva Per\u00f3n.<\/strong><\/p>\n","protected":false},"excerpt":{"rendered":"<p>La nota, rubricada por el\u00a0gobernador Gerardo Zamora, indica que\u00a0\u201cen el uso de las facultades conferidas&#8230;<\/p>\n","protected":false},"author":2,"featured_media":64380,"comment_status":"open","ping_status":"open","sticky":false,"template":"","format":"standard","meta":{"om_disable_all_campaigns":false,"_monsterinsights_skip_tracking":false,"_monsterinsights_sitenote_active":false,"_monsterinsights_sitenote_note":"","_monsterinsights_sitenote_category":0,"_uf_show_specific_survey":0,"_uf_disable_surveys":false,"jetpack_post_was_ever_published":false,"_jetpack_newsletter_access":"","_jetpack_dont_email_post_to_subs":false,"_jetpack_newsletter_tier_id":0,"_jetpack_memberships_contains_paywalled_content":false,"_jetpack_memberships_contains_paid_content":false,"footnotes":"","jetpack_publicize_message":"","jetpack_publicize_feature_enabled":true,"jetpack_social_post_already_shared":true,"jetpack_social_options":{"image_generator_settings":{"template":"highway","default_image_id":0,"font":"","enabled":false},"version":2}},"categories":[21],"tags":[59],"class_list":["post-64379","post","type-post","status-publish","format-standard","has-post-thumbnail","hentry","category-locales","tag-gerardo-zamora"],"aioseo_notices":[],"views":20,"jetpack_publicize_connections":[],"jetpack_featured_media_url":"https:\/\/i0.wp.com\/elterritorialweb.com.ar\/web\/wp-content\/uploads\/2024\/03\/diputados-2024-768x433-1.jpg?fit=768%2C433&ssl=1","jetpack_sharing_enabled":true,"_links":{"self":[{"href":"https:\/\/elterritorialweb.com.ar\/web\/wp-json\/wp\/v2\/posts\/64379","targetHints":{"allow":["GET"]}}],"collection":[{"href":"https:\/\/elterritorialweb.com.ar\/web\/wp-json\/wp\/v2\/posts"}],"about":[{"href":"https:\/\/elterritorialweb.com.ar\/web\/wp-json\/wp\/v2\/types\/post"}],"author":[{"embeddable":true,"href":"https:\/\/elterritorialweb.com.ar\/web\/wp-json\/wp\/v2\/users\/2"}],"replies":[{"embeddable":true,"href":"https:\/\/elterritorialweb.com.ar\/web\/wp-json\/wp\/v2\/comments?post=64379"}],"version-history":[{"count":1,"href":"https:\/\/elterritorialweb.com.ar\/web\/wp-json\/wp\/v2\/posts\/64379\/revisions"}],"predecessor-version":[{"id":64381,"href":"https:\/\/elterritorialweb.com.ar\/web\/wp-json\/wp\/v2\/posts\/64379\/revisions\/64381"}],"wp:featuredmedia":[{"embeddable":true,"href":"https:\/\/elterritorialweb.com.ar\/web\/wp-json\/wp\/v2\/media\/64380"}],"wp:attachment":[{"href":"https:\/\/elterritorialweb.com.ar\/web\/wp-json\/wp\/v2\/media?parent=64379"}],"wp:term":[{"taxonomy":"category","embeddable":true,"href":"https:\/\/elterritorialweb.com.ar\/web\/wp-json\/wp\/v2\/categories?post=64379"},{"taxonomy":"post_tag","embeddable":true,"href":"https:\/\/elterritorialweb.com.ar\/web\/wp-json\/wp\/v2\/tags?post=64379"}],"curies":[{"name":"wp","href":"https:\/\/api.w.org\/{rel}","templated":true}]}}