{"id":64911,"date":"2024-04-02T15:53:57","date_gmt":"2024-04-02T15:53:57","guid":{"rendered":"http:\/\/elterritorialweb.com.ar\/web\/?p=64911"},"modified":"2024-04-02T15:54:00","modified_gmt":"2024-04-02T15:54:00","slug":"javier-milei-encabezo-el-acto-por-el-dia-del-veterano-y-los-caidos-de-las-malvinas","status":"publish","type":"post","link":"https:\/\/elterritorialweb.com.ar\/web\/javier-milei-encabezo-el-acto-por-el-dia-del-veterano-y-los-caidos-de-las-malvinas\/","title":{"rendered":"JAVIER MILEI ENCABEZ\u00d3 EL ACTO POR EL DIA DEL VETERANO Y LOS CAIDOS DE LAS MALVINAS"},"content":{"rendered":"\n<p><strong>Javier Milei encabez\u00f3 el acto por el D\u00eda del Veterano y de los Ca\u00eddos en la Guerra de las Malvinas<\/strong>\u00a0y breg\u00f3 por un \u00abreclamo real y sincero\u00bb y no \u00abpalabras en foros internacionales con nulo impacto en la realidad\u00bb.<\/p>\n\n\n\n<p>El Presidente carg\u00f3 contra la clase pol\u00edtica y en la cadena nacional expres\u00f3: \u00abNos hemos cansado de escuchar pol\u00edticos que se golpean el pecho sin tener un solo resultado para mostrar despu\u00e9s de todos sus a\u00f1os de gesti\u00f3n. Para que los reclamos soberanos sean escuchados y respetados es condici\u00f3n necesaria que el pa\u00eds y su dirigencia sea respetado\u00bb.<\/p>\n\n\n\n<p>En la misma l\u00ednea, subray\u00f3 que&nbsp;<strong>\u00abnadie tomar\u00eda en serio un reclamo de defaulteadores seriales y corruptos y dirigentes pol\u00edticos que defienden, m\u00e1s que un pa\u00eds, un modelo de negocio<\/strong>\u00ab. Luego agreg\u00f3 que \u00abpara ser parte del concierto de naciones se debe ser protagonista de un comercio internacional y fuerzas armadas capaces de defender el territorio ante cualquiera que quiera invadirlo\u00bb.<\/p>\n\n\n\n<p>El jefe de Estado, entonces, reiter\u00f3: \u00ab<strong>Nadie escucha ni respeta un pa\u00eds que solo produce pobreza y desprecia a sus propias fuerzas.<\/strong>&nbsp;Argentina, producto de dirigencia pol\u00edtica, no cumpli\u00f3 con ninguna de estas condiciones, no es coincidencia que poco y nada se haya avanzado en el reclamo por las islas\u00bb.<\/p>\n\n\n\n<p>\u201cSomos despu\u00e9s de d\u00e9cadas el primer gobierno que se hace cargo de esta situaci\u00f3n y que tiene un rumbo claro para ser un pa\u00eds realmente pr\u00f3spero y soberano\u201d, se adjudic\u00f3. A la vez que habl\u00f3 de que<strong>&nbsp;\u00abno existe soberan\u00eda sin prosperidad econ\u00f3mica y como muestra toda la experiencia emp\u00edrica, no existe prosperidad econ\u00f3mica, sin libertad econ\u00f3mica\u201d<\/strong>, relacion\u00f3 el respeto que solicita con la vertiente econ\u00f3mica.<\/p>\n\n\n\n<figure class=\"wp-block-image size-full\"><a href=\"https:\/\/i0.wp.com\/elterritorialweb.com.ar\/web\/wp-content\/uploads\/2024\/04\/MILEI-MALVINAS-1.jpg\"><img data-recalc-dims=\"1\" decoding=\"async\" width=\"640\" height=\"360\" data-src=\"https:\/\/i0.wp.com\/elterritorialweb.com.ar\/web\/wp-content\/uploads\/2024\/04\/MILEI-MALVINAS-1.jpg?resize=640%2C360\" alt=\"\" class=\"wp-image-64913 lazyload\" data-srcset=\"https:\/\/i0.wp.com\/elterritorialweb.com.ar\/web\/wp-content\/uploads\/2024\/04\/MILEI-MALVINAS-1.jpg?w=800&amp;ssl=1 800w, https:\/\/i0.wp.com\/elterritorialweb.com.ar\/web\/wp-content\/uploads\/2024\/04\/MILEI-MALVINAS-1.jpg?resize=300%2C169&amp;ssl=1 300w, https:\/\/i0.wp.com\/elterritorialweb.com.ar\/web\/wp-content\/uploads\/2024\/04\/MILEI-MALVINAS-1.jpg?resize=768%2C432&amp;ssl=1 768w\" data-sizes=\"(max-width: 640px) 100vw, 640px\" src=\"data:image\/svg+xml;base64,PHN2ZyB3aWR0aD0iMSIgaGVpZ2h0PSIxIiB4bWxucz0iaHR0cDovL3d3dy53My5vcmcvMjAwMC9zdmciPjwvc3ZnPg==\" style=\"--smush-placeholder-width: 640px; --smush-placeholder-aspect-ratio: 640\/360;\" \/><\/a><\/figure>\n\n\n\n<p>En ese orden, se refiri\u00f3 a la Ley \u00d3mnibus y el DNU y asegur\u00f3 que<strong>&nbsp;\u00abtodas las reformas que impulsamos hoy son para que los argentinos volvamos a ser libres y de esta libertad surja una naci\u00f3n fuerte y pr\u00f3spera con poder real para reclamar su soberan\u00eda y ser respetada por otras naciones\u201d.<\/strong><\/p>\n\n\n\n<p>Aunque, el mandatario advirti\u00f3 que \u00abno hay soberan\u00eda, no hay respeto internacional por nuestros intereses si la dirigencia pol\u00edtica hace lo imposible para ensuciar el nombre de nuestras fuerzas armadas\u201d.<\/p>\n\n\n\n<p>\u00abPor eso convoco al conjunto de la sociedad y a la dirigencia pol\u00edtica a que este 2 de abril inauguremos una nueva era de reconciliaci\u00f3n con las fuerzas armadas que trascienda a este gobierno,&nbsp;<strong>una era que rinda homenaje sinceros a nuestro h\u00e9roes d\u00e1ndole el lugar y el apoyo que se merecen\u201d<\/strong>, alent\u00f3. De la misma forma a\u00f1adi\u00f3: \u00abUna era donde el apoyo a las FFAA venga acompa\u00f1ado de un econom\u00eda prospera y pujante para que puedan contar con los recursos y las tecnolog\u00edas necesarias para defender a nuestra patria con dignidad\u201d.<\/p>\n","protected":false},"excerpt":{"rendered":"<p>El Presidente asegur\u00f3 que para formar parte del \u00abconcierto de las naciones\u00bb, Argentina debe tener \u00abuna dirigencia respetada\u00bb y no \u00abdefaulteadores seriales corruptos\u00bb. \u00abTenemos que ser protagonistas del comercio internacional y tener contar con fuerzas armadas capaces\u00bb, subray\u00f3.<\/p>\n","protected":false},"author":2,"featured_media":64912,"comment_status":"open","ping_status":"open","sticky":false,"template":"","format":"standard","meta":{"om_disable_all_campaigns":false,"_monsterinsights_skip_tracking":false,"_monsterinsights_sitenote_active":false,"_monsterinsights_sitenote_note":"","_monsterinsights_sitenote_category":0,"_uf_show_specific_survey":0,"_uf_disable_surveys":false,"jetpack_post_was_ever_published":false,"_jetpack_newsletter_access":"","_jetpack_dont_email_post_to_subs":false,"_jetpack_newsletter_tier_id":0,"_jetpack_memberships_contains_paywalled_content":false,"_jetpack_memberships_contains_paid_content":false,"footnotes":"","jetpack_publicize_message":"","jetpack_publicize_feature_enabled":true,"jetpack_social_post_already_shared":true,"jetpack_social_options":{"image_generator_settings":{"template":"highway","default_image_id":0,"font":"","enabled":false},"version":2}},"categories":[4,7],"tags":[92],"class_list":["post-64911","post","type-post","status-publish","format-standard","has-post-thumbnail","hentry","category-destacadas","category-nacionales","tag-javier-milei"],"aioseo_notices":[],"views":20,"jetpack_publicize_connections":[],"jetpack_featured_media_url":"https:\/\/i0.wp.com\/elterritorialweb.com.ar\/web\/wp-content\/uploads\/2024\/04\/MILEI-MALVINAS.jpg?fit=1334%2C751&ssl=1","jetpack_sharing_enabled":true,"_links":{"self":[{"href":"https:\/\/elterritorialweb.com.ar\/web\/wp-json\/wp\/v2\/posts\/64911","targetHints":{"allow":["GET"]}}],"collection":[{"href":"https:\/\/elterritorialweb.com.ar\/web\/wp-json\/wp\/v2\/posts"}],"about":[{"href":"https:\/\/elterritorialweb.com.ar\/web\/wp-json\/wp\/v2\/types\/post"}],"author":[{"embeddable":true,"href":"https:\/\/elterritorialweb.com.ar\/web\/wp-json\/wp\/v2\/users\/2"}],"replies":[{"embeddable":true,"href":"https:\/\/elterritorialweb.com.ar\/web\/wp-json\/wp\/v2\/comments?post=64911"}],"version-history":[{"count":1,"href":"https:\/\/elterritorialweb.com.ar\/web\/wp-json\/wp\/v2\/posts\/64911\/revisions"}],"predecessor-version":[{"id":64914,"href":"https:\/\/elterritorialweb.com.ar\/web\/wp-json\/wp\/v2\/posts\/64911\/revisions\/64914"}],"wp:featuredmedia":[{"embeddable":true,"href":"https:\/\/elterritorialweb.com.ar\/web\/wp-json\/wp\/v2\/media\/64912"}],"wp:attachment":[{"href":"https:\/\/elterritorialweb.com.ar\/web\/wp-json\/wp\/v2\/media?parent=64911"}],"wp:term":[{"taxonomy":"category","embeddable":true,"href":"https:\/\/elterritorialweb.com.ar\/web\/wp-json\/wp\/v2\/categories?post=64911"},{"taxonomy":"post_tag","embeddable":true,"href":"https:\/\/elterritorialweb.com.ar\/web\/wp-json\/wp\/v2\/tags?post=64911"}],"curies":[{"name":"wp","href":"https:\/\/api.w.org\/{rel}","templated":true}]}}