{"id":64915,"date":"2024-04-02T21:34:05","date_gmt":"2024-04-02T21:34:05","guid":{"rendered":"http:\/\/elterritorialweb.com.ar\/web\/?p=64915"},"modified":"2024-04-02T21:34:08","modified_gmt":"2024-04-02T21:34:08","slug":"la-banda-conmemoro-un-nuevo-aniversario-por-el-dia-del-veterano-y-de-los-caidos-en-la-guerra-de-malvinas","status":"publish","type":"post","link":"https:\/\/elterritorialweb.com.ar\/web\/la-banda-conmemoro-un-nuevo-aniversario-por-el-dia-del-veterano-y-de-los-caidos-en-la-guerra-de-malvinas\/","title":{"rendered":"LA BANDA CONMEMOR\u00d3 UN NUEVO ANIVERSARIO POR EL D\u00cdA DEL VETERANO Y DE LOS CA\u00cdDOS EN LA GUERRA DE MALVINAS"},"content":{"rendered":"\n<p>En la oportunidad, junto al intendente Nediani, estuvieron presentes el <strong>viceintendente, Gabriel Santill\u00e1n<\/strong>; <strong>integrantes del ejecutivo municipal<\/strong>, como as\u00ed tambi\u00e9n el <strong>Centro de ex soldados combatientes en el Atl\u00e1ntico Sur Santiago del Estero, Veteranos de Guerra de Malvinas, Autoridades de Gendarmer\u00eda Nacional, Bomberos Voluntarios de la Ciudad de La Banda, docentes del sistema educativo municipal, delegaciones escolares, instituciones intermedias <\/strong>y p\u00fablico en general.<\/p>\n\n\n\n<p><strong>Acto<\/strong> organizado por la<strong> Subsecretar\u00eda de Educaci\u00f3n y Cultura<\/strong> bajo la direcci\u00f3n del jefe comunal, comenz\u00f3 con el <strong>izamiento de la bandera nacional <\/strong>en<strong> Plaza Belgrano<\/strong>, marcando el inicio de una jornada de reflexi\u00f3n y homenaje a aquellos valientes que defendieron la soberan\u00eda argentina en las Islas Malvinas. <\/p>\n\n\n\n<p>Posteriormente, se llev\u00f3 a cabo el <strong>Acto Protocolar <\/strong>que tuvo lugar en el <strong>Monumento a los veteranos y ca\u00eddos de la guerra de Malvinas<\/strong>, ubicado en Av. Besares y S\u00e1enz Pe\u00f1a, donde se rindi\u00f3 tributo a los veteranos y ca\u00eddos en el conflicto b\u00e9lico.<\/p>\n\n\n\n<p>Al respecto el<strong> intendente, Ing. Roger El\u00edas Nediani,<\/strong> expres\u00f3 su profundo agradecimiento a todos los presentes por su participaci\u00f3n en este significativo evento y destac\u00f3 el significado profundo que esta fecha tiene para los argentinos y el sacrificio que hicieron los soldados argentinos en las islas del Atl\u00e1ntico Sur hace 42 a\u00f1os: <em>\u201cHoy es un d\u00eda especial para todos los argentinos, pero mucho m\u00e1s para mi, por todo lo que signific\u00f3 Malvinas, ya que me siento un infante de marina m\u00e1s y con mucho orgullo\u00bb.<\/em>           <em>\u00abCon tan poco tiempo de instrucci\u00f3n, con poco armamento y tan baja calidad del mismo, reconocer a nuestros valientes h\u00e9roes quienes defendieron a la soberan\u00eda argentina\u00bb<\/em>.<br><em>\u00abTantos j\u00f3venes dieron la vida por nuestra patria, a\u00fan sin experiencia encararon esta guerra con un clima tan hostil como es el del sur argentino, donde las bajas temperaturas afectaban demasiado\u00bb,<\/em> agreg\u00f3.<br><em>\u00abLo cierto es que desde el municipio venimos trabajando fuertemente hace dos a\u00f1os para malvinizar y hacer tomar conciencia a toda la ciudad de La Banda, especialmente a nuestros ni\u00f1os, de que las Malvinas fueron, son y ser\u00e1n argentinas\u00bb<\/em>.<br><em>\u00abTambi\u00e9n quiero destacar el gran acompa\u00f1amiento de las escuelas, vecinos, centros culturales quienes ayudan a que tomemos conciencia de que debemos defender nuestra soberan\u00eda\u00bb.<\/em><br><em>\u00abEs un d\u00eda de mucha emoci\u00f3n, recordando el primer desembarque que tuvieron los soldados y conocer a las tres fuerzas armadas de la argentina que son el ej\u00e9rcito, aeron\u00e1utica, infanter\u00eda y mariner\u00eda que con tanto valor encararon esta guerra do dejando sus vidas en el campo de batalla\u201d,<\/em> finaliz\u00f3 Nediani.<\/p>\n\n\n\n<figure class=\"wp-block-image size-large\"><a href=\"https:\/\/i0.wp.com\/elterritorialweb.com.ar\/web\/wp-content\/uploads\/2024\/04\/nediani-acto-malvinas.jpeg\"><img data-recalc-dims=\"1\" decoding=\"async\" width=\"640\" height=\"426\" data-src=\"https:\/\/i0.wp.com\/elterritorialweb.com.ar\/web\/wp-content\/uploads\/2024\/04\/nediani-acto-malvinas.jpeg?resize=640%2C426\" alt=\"\" class=\"wp-image-64917 lazyload\" data-srcset=\"https:\/\/i0.wp.com\/elterritorialweb.com.ar\/web\/wp-content\/uploads\/2024\/04\/nediani-acto-malvinas.jpeg?resize=1024%2C682&amp;ssl=1 1024w, https:\/\/i0.wp.com\/elterritorialweb.com.ar\/web\/wp-content\/uploads\/2024\/04\/nediani-acto-malvinas.jpeg?resize=300%2C200&amp;ssl=1 300w, https:\/\/i0.wp.com\/elterritorialweb.com.ar\/web\/wp-content\/uploads\/2024\/04\/nediani-acto-malvinas.jpeg?resize=768%2C512&amp;ssl=1 768w, https:\/\/i0.wp.com\/elterritorialweb.com.ar\/web\/wp-content\/uploads\/2024\/04\/nediani-acto-malvinas.jpeg?resize=1536%2C1023&amp;ssl=1 1536w, https:\/\/i0.wp.com\/elterritorialweb.com.ar\/web\/wp-content\/uploads\/2024\/04\/nediani-acto-malvinas.jpeg?w=1600&amp;ssl=1 1600w, https:\/\/i0.wp.com\/elterritorialweb.com.ar\/web\/wp-content\/uploads\/2024\/04\/nediani-acto-malvinas.jpeg?w=1280 1280w\" data-sizes=\"(max-width: 640px) 100vw, 640px\" src=\"data:image\/svg+xml;base64,PHN2ZyB3aWR0aD0iMSIgaGVpZ2h0PSIxIiB4bWxucz0iaHR0cDovL3d3dy53My5vcmcvMjAwMC9zdmciPjwvc3ZnPg==\" style=\"--smush-placeholder-width: 640px; --smush-placeholder-aspect-ratio: 640\/426;\" \/><\/a><\/figure>\n\n\n\n<p>El intendente enfatiz\u00f3 la importancia de recordar esta fecha como un acto de reflexi\u00f3n y reconocimiento a la valent\u00eda de los h\u00e9roes que lucharon por la soberan\u00eda argentina en las Malvinas, reafirmando que las islas son, fueron y ser\u00e1n argentinas.<\/p>\n\n\n\n<p>A su vez, <strong>uno de los ex combatientes <\/strong>presentes expres\u00f3 su <strong>gratitud hacia el Sr. Intendente y los integrantes de la municipalidad<\/strong> por su constante <strong>apoyo y compromiso con la causa Malvinas,<\/strong> tambi\u00e9n se agradeci\u00f3 por no dejar pasar esta fecha y siempre estar apoy\u00e1ndolos con la famosa malvinizaci\u00f3n y dando charlas en los colegios, todo con el respaldo del intendente. <\/p>\n\n\n\n<p>Adem\u00e1s, se enfatiz\u00f3 la importancia de mantener viva la memoria de los ca\u00eddos en combate y el significado profundo que esta fecha tiene para los argentinos y veteranos de guerra. Se resalt\u00f3 que esta fecha es cara a los sentimientos en su c\u00famulo de sensaciones y que impulsa a seguir con la llama de Malvinas, recordando a los compa\u00f1eros ca\u00eddos en combate.<\/p>\n\n\n\n<p>Por su parte, el <strong>viceintendente de la ciudad de La Banda, Gabriel Santill\u00e1n<\/strong>, destac\u00f3 la relevancia de recordar y revalorizar los valores de coraje y valent\u00eda de los h\u00e9roes que participaron en Malvinas. Hizo hincapi\u00e9 en c\u00f3mo este evento est\u00e1 vinculado al pasado de la dictadura militar, que expuso a tantos j\u00f3venes a perder sus vidas en nombre de la patria.<\/p>\n\n\n\n<p>Adem\u00e1s, mencion\u00f3 la importancia de este acto como parte del proceso de memoria, verdad y justicia, y c\u00f3mo contribuye a la reivindicaci\u00f3n y reparaci\u00f3n hist\u00f3rica de aquellos que sufrieron las consecuencias de la guerra y el posterior proceso de malvinizaci\u00f3n.<\/p>\n","protected":false},"excerpt":{"rendered":"<p>En la ma\u00f1ana del martes, la ciudad de La Banda se visti\u00f3 de emoci\u00f3n y patriotismo con motivo de conmemorar un nuevo aniversario del \u00abD\u00eda del Veterano y de los Ca\u00eddos en la Guerra de Malvinas\u00bb.<\/p>\n","protected":false},"author":2,"featured_media":64916,"comment_status":"open","ping_status":"open","sticky":false,"template":"","format":"standard","meta":{"om_disable_all_campaigns":false,"_monsterinsights_skip_tracking":false,"_monsterinsights_sitenote_active":false,"_monsterinsights_sitenote_note":"","_monsterinsights_sitenote_category":0,"_uf_show_specific_survey":0,"_uf_disable_surveys":false,"jetpack_post_was_ever_published":false,"_jetpack_newsletter_access":"","_jetpack_dont_email_post_to_subs":false,"_jetpack_newsletter_tier_id":0,"_jetpack_memberships_contains_paywalled_content":false,"_jetpack_memberships_contains_paid_content":false,"footnotes":"","jetpack_publicize_message":"","jetpack_publicize_feature_enabled":true,"jetpack_social_post_already_shared":true,"jetpack_social_options":{"image_generator_settings":{"template":"highway","default_image_id":0,"font":"","enabled":false},"version":2}},"categories":[9],"tags":[71,51],"class_list":["post-64915","post","type-post","status-publish","format-standard","has-post-thumbnail","hentry","category-banda","tag-municipalidad-de-la-banda","tag-roger-nediani"],"aioseo_notices":[],"views":9,"jetpack_publicize_connections":[],"jetpack_featured_media_url":"https:\/\/i0.wp.com\/elterritorialweb.com.ar\/web\/wp-content\/uploads\/2024\/04\/nediani-acto-malvinas-1.jpeg?fit=1600%2C1066&ssl=1","jetpack_sharing_enabled":true,"_links":{"self":[{"href":"https:\/\/elterritorialweb.com.ar\/web\/wp-json\/wp\/v2\/posts\/64915","targetHints":{"allow":["GET"]}}],"collection":[{"href":"https:\/\/elterritorialweb.com.ar\/web\/wp-json\/wp\/v2\/posts"}],"about":[{"href":"https:\/\/elterritorialweb.com.ar\/web\/wp-json\/wp\/v2\/types\/post"}],"author":[{"embeddable":true,"href":"https:\/\/elterritorialweb.com.ar\/web\/wp-json\/wp\/v2\/users\/2"}],"replies":[{"embeddable":true,"href":"https:\/\/elterritorialweb.com.ar\/web\/wp-json\/wp\/v2\/comments?post=64915"}],"version-history":[{"count":1,"href":"https:\/\/elterritorialweb.com.ar\/web\/wp-json\/wp\/v2\/posts\/64915\/revisions"}],"predecessor-version":[{"id":64918,"href":"https:\/\/elterritorialweb.com.ar\/web\/wp-json\/wp\/v2\/posts\/64915\/revisions\/64918"}],"wp:featuredmedia":[{"embeddable":true,"href":"https:\/\/elterritorialweb.com.ar\/web\/wp-json\/wp\/v2\/media\/64916"}],"wp:attachment":[{"href":"https:\/\/elterritorialweb.com.ar\/web\/wp-json\/wp\/v2\/media?parent=64915"}],"wp:term":[{"taxonomy":"category","embeddable":true,"href":"https:\/\/elterritorialweb.com.ar\/web\/wp-json\/wp\/v2\/categories?post=64915"},{"taxonomy":"post_tag","embeddable":true,"href":"https:\/\/elterritorialweb.com.ar\/web\/wp-json\/wp\/v2\/tags?post=64915"}],"curies":[{"name":"wp","href":"https:\/\/api.w.org\/{rel}","templated":true}]}}