{"id":64919,"date":"2024-04-02T21:40:58","date_gmt":"2024-04-02T21:40:58","guid":{"rendered":"http:\/\/elterritorialweb.com.ar\/web\/?p=64919"},"modified":"2024-04-02T21:41:01","modified_gmt":"2024-04-02T21:41:01","slug":"fuentes-participo-del-acto-oficial-por-el-dia-del-veterano-y-de-los-caidos-en-malvinas","status":"publish","type":"post","link":"https:\/\/elterritorialweb.com.ar\/web\/fuentes-participo-del-acto-oficial-por-el-dia-del-veterano-y-de-los-caidos-en-malvinas\/","title":{"rendered":"FUENTES PARTICIP\u00d3 DEL ACTO OFICIAL POR EL D\u00cdA DEL VETERANO Y DE LOS CAIDOS EN MALVINAS"},"content":{"rendered":"\n<p>En la plaza Sarmiento, la jefa comunal, que fue acompa\u00f1ada por funcionarios del gabinete municipal, estuvo presente en el izamiento de la ense\u00f1a nacional y la colocaci\u00f3n de ofrendas florales al pie del monumento del soldado de Malvinas y luego acompa\u00f1\u00f3 al gobernador Zamora en la revista de tropas y en el saludo a la Agrupaci\u00f3n \u201c2 de Abril\u201d.<\/p>\n\n\n\n<p>&nbsp;\u201cEs una fecha importante, donde debemos poner en valor a los veteranos y ca\u00eddos en Malvinas y a los 14 santiague\u00f1os que entregaron su vida\u201d, destac\u00f3 la Ing. Fuentes al finalizar la ceremonia oficial.<\/p>\n\n\n\n<p>Asimismo, resalt\u00f3 que \u201ccomo lo dijo David D\u00edaz, es una causa que hay que poner en valor, como lo han hecho los veteranos en las escuelas\u201d.<\/p>\n\n\n\n<p>Durante el acto, el presidente del Centro de Veteranos de Guerra de Santiago del Estero y miembro de la Comisi\u00f3n Nacional de Veteranos de Guerra, David D\u00edaz, sostuvo que aquella gesta necesita ser estudiada para ser valorada, comprendida y como una forma de promover la libertad y la igualdad entre los argentinos.<\/p>\n\n\n\n<p>Agradeci\u00f3 al gobernador Zamora por el respeto y el respaldo constante a los veteranos y a la intendente Fuentes por colaborar con la construcci\u00f3n de la sede de la instituci\u00f3n. El acto concluy\u00f3 con el tradicional desfile c\u00edvico militar.<\/p>\n","protected":false},"excerpt":{"rendered":"<p>La intendente Ing. Norma Fuentes particip\u00f3 del acto central por D\u00eda del Veterano y de los Ca\u00eddos en Malvinas, que encabez\u00f3 el gobernador, Dr. Gerardo Zamora, al recordarse el 42\u00b0 aniversario de la gesta de Malvinas<\/p>\n","protected":false},"author":2,"featured_media":64920,"comment_status":"open","ping_status":"open","sticky":false,"template":"","format":"standard","meta":{"om_disable_all_campaigns":false,"_monsterinsights_skip_tracking":false,"_monsterinsights_sitenote_active":false,"_monsterinsights_sitenote_note":"","_monsterinsights_sitenote_category":0,"_uf_show_specific_survey":0,"_uf_disable_surveys":false,"jetpack_post_was_ever_published":false,"_jetpack_newsletter_access":"","_jetpack_dont_email_post_to_subs":false,"_jetpack_newsletter_tier_id":0,"_jetpack_memberships_contains_paywalled_content":false,"_jetpack_memberships_contains_paid_content":false,"footnotes":"","jetpack_publicize_message":"","jetpack_publicize_feature_enabled":true,"jetpack_social_post_already_shared":true,"jetpack_social_options":{"image_generator_settings":{"template":"highway","default_image_id":0,"font":"","enabled":false},"version":2}},"categories":[21],"tags":[73,116],"class_list":["post-64919","post","type-post","status-publish","format-standard","has-post-thumbnail","hentry","category-locales","tag-municipalidad-de-la-capital","tag-norma-fuentes"],"aioseo_notices":[],"views":8,"jetpack_publicize_connections":[],"jetpack_featured_media_url":"https:\/\/i0.wp.com\/elterritorialweb.com.ar\/web\/wp-content\/uploads\/2024\/04\/acto-malvinas.jpeg?fit=1453%2C951&ssl=1","jetpack_sharing_enabled":true,"_links":{"self":[{"href":"https:\/\/elterritorialweb.com.ar\/web\/wp-json\/wp\/v2\/posts\/64919","targetHints":{"allow":["GET"]}}],"collection":[{"href":"https:\/\/elterritorialweb.com.ar\/web\/wp-json\/wp\/v2\/posts"}],"about":[{"href":"https:\/\/elterritorialweb.com.ar\/web\/wp-json\/wp\/v2\/types\/post"}],"author":[{"embeddable":true,"href":"https:\/\/elterritorialweb.com.ar\/web\/wp-json\/wp\/v2\/users\/2"}],"replies":[{"embeddable":true,"href":"https:\/\/elterritorialweb.com.ar\/web\/wp-json\/wp\/v2\/comments?post=64919"}],"version-history":[{"count":1,"href":"https:\/\/elterritorialweb.com.ar\/web\/wp-json\/wp\/v2\/posts\/64919\/revisions"}],"predecessor-version":[{"id":64921,"href":"https:\/\/elterritorialweb.com.ar\/web\/wp-json\/wp\/v2\/posts\/64919\/revisions\/64921"}],"wp:featuredmedia":[{"embeddable":true,"href":"https:\/\/elterritorialweb.com.ar\/web\/wp-json\/wp\/v2\/media\/64920"}],"wp:attachment":[{"href":"https:\/\/elterritorialweb.com.ar\/web\/wp-json\/wp\/v2\/media?parent=64919"}],"wp:term":[{"taxonomy":"category","embeddable":true,"href":"https:\/\/elterritorialweb.com.ar\/web\/wp-json\/wp\/v2\/categories?post=64919"},{"taxonomy":"post_tag","embeddable":true,"href":"https:\/\/elterritorialweb.com.ar\/web\/wp-json\/wp\/v2\/tags?post=64919"}],"curies":[{"name":"wp","href":"https:\/\/api.w.org\/{rel}","templated":true}]}}