{"id":64949,"date":"2024-04-03T11:09:53","date_gmt":"2024-04-03T11:09:53","guid":{"rendered":"https:\/\/elterritorialweb.com.ar\/web\/?p=64949"},"modified":"2024-04-03T11:09:57","modified_gmt":"2024-04-03T11:09:57","slug":"se-presento-el-libro-de-las-experiencias-del-aspo-en-adultos-mayores","status":"publish","type":"post","link":"https:\/\/elterritorialweb.com.ar\/web\/se-presento-el-libro-de-las-experiencias-del-aspo-en-adultos-mayores\/","title":{"rendered":"SE PRESENT\u00d3 EL LIBRO DE LAS EXPERIENCIAS DEL ASPO EN ADULTOS MAYORES"},"content":{"rendered":"\n<p><strong>Norma Liliana Tamer<\/strong>, directora del <strong>Programa Educativo para Adultos Mayores de la UNSE<\/strong>, es una de las autoras del libro que recoge las <strong>vivencias de las personas mayores en tiempos de Covid-19 en Latinoam\u00e9rica<\/strong>.<\/p>\n\n\n\n<p>Esta publicaci\u00f3n es el <strong>resultado de la concertaci\u00f3n de treinta y cinco especialistas<\/strong> en el estudio del envejecimiento <strong>provenientes de 12 universidades de Argentina, Brasil, Chile, Ecuador, M\u00e9xico, Puerto Rico Uruguay y Venezuela.<\/strong><\/p>\n\n\n\n<p>Seg\u00fan <strong>Tamer<\/strong>:<em> \u201cLos adultos mayores reconocen haber superado esta crisis gracias a su flexibilidad y resiliencia. Demostraron ser un grupo etario capaz de adaptarse a la situaci\u00f3n mediante la utilizaci\u00f3n de sus reservas personales genuinas\u201d<\/em>. Y, agreg\u00f3: <em>\u201cEn lugar de quedarse encerrados y sometidos ante el distanciamiento f\u00edsico provocado por la pandemia del coronavirus, lograron emerger de la mejor manera, buscando nuevos y mejores recursos, incorporando nuevas herramientas en su interacci\u00f3n con la tecnolog\u00eda y nuevos aprendizajes sum\u00e1ndolos a las redes sociales\u201d<\/em>.<br><em>\u201cLos resultados del estudio realizado constituye un aporte v\u00e1lido para definir pol\u00edticas p\u00fablicas respecto a la poblaci\u00f3n de las personas mayores en Latinoam\u00e9rica en general y en cada uno de los pa\u00edses\u201d,<\/em> dijo Norma Tamer.<\/p>\n\n\n\n<p>El esfuerzo vertido en la elaboraci\u00f3n de este texto evidencia la riqueza conceptual, metodol\u00f3gica y disciplinaria que se obtiene al promover el intercambio respetuoso y solidario entre especialistas con diferentes perspectivas al compartir un mismo objetivo: promover la salud mental de las personas mayores en los pa\u00edses del Caribe y Latinoam\u00e9rica.<\/p>\n","protected":false},"excerpt":{"rendered":"<p>La semana pasada fue presentado el libro Experiencias psicosociales durante la cuarentena por Covid 19 en personas mayores de 8 pa\u00edses latinoamericanos: estudio psicogerontol\u00f3gico, editado por la UNAM-M\u00e9xico.<\/p>\n","protected":false},"author":2,"featured_media":64950,"comment_status":"open","ping_status":"open","sticky":false,"template":"","format":"standard","meta":{"om_disable_all_campaigns":false,"_monsterinsights_skip_tracking":false,"_monsterinsights_sitenote_active":false,"_monsterinsights_sitenote_note":"","_monsterinsights_sitenote_category":0,"_uf_show_specific_survey":0,"_uf_disable_surveys":false,"jetpack_post_was_ever_published":false,"_jetpack_newsletter_access":"","_jetpack_dont_email_post_to_subs":false,"_jetpack_newsletter_tier_id":0,"_jetpack_memberships_contains_paywalled_content":false,"_jetpack_memberships_contains_paid_content":false,"footnotes":"","jetpack_publicize_message":"","jetpack_publicize_feature_enabled":true,"jetpack_social_post_already_shared":true,"jetpack_social_options":{"image_generator_settings":{"template":"highway","default_image_id":0,"font":"","enabled":false},"version":2}},"categories":[19],"tags":[74],"class_list":["post-64949","post","type-post","status-publish","format-standard","has-post-thumbnail","hentry","category-educacion","tag-unse"],"aioseo_notices":[],"views":17,"jetpack_publicize_connections":[],"jetpack_featured_media_url":"https:\/\/i0.wp.com\/elterritorialweb.com.ar\/web\/wp-content\/uploads\/2024\/04\/IMG-20240403-WA0002.jpg?fit=872%2C642&ssl=1","jetpack_sharing_enabled":true,"_links":{"self":[{"href":"https:\/\/elterritorialweb.com.ar\/web\/wp-json\/wp\/v2\/posts\/64949","targetHints":{"allow":["GET"]}}],"collection":[{"href":"https:\/\/elterritorialweb.com.ar\/web\/wp-json\/wp\/v2\/posts"}],"about":[{"href":"https:\/\/elterritorialweb.com.ar\/web\/wp-json\/wp\/v2\/types\/post"}],"author":[{"embeddable":true,"href":"https:\/\/elterritorialweb.com.ar\/web\/wp-json\/wp\/v2\/users\/2"}],"replies":[{"embeddable":true,"href":"https:\/\/elterritorialweb.com.ar\/web\/wp-json\/wp\/v2\/comments?post=64949"}],"version-history":[{"count":1,"href":"https:\/\/elterritorialweb.com.ar\/web\/wp-json\/wp\/v2\/posts\/64949\/revisions"}],"predecessor-version":[{"id":64951,"href":"https:\/\/elterritorialweb.com.ar\/web\/wp-json\/wp\/v2\/posts\/64949\/revisions\/64951"}],"wp:featuredmedia":[{"embeddable":true,"href":"https:\/\/elterritorialweb.com.ar\/web\/wp-json\/wp\/v2\/media\/64950"}],"wp:attachment":[{"href":"https:\/\/elterritorialweb.com.ar\/web\/wp-json\/wp\/v2\/media?parent=64949"}],"wp:term":[{"taxonomy":"category","embeddable":true,"href":"https:\/\/elterritorialweb.com.ar\/web\/wp-json\/wp\/v2\/categories?post=64949"},{"taxonomy":"post_tag","embeddable":true,"href":"https:\/\/elterritorialweb.com.ar\/web\/wp-json\/wp\/v2\/tags?post=64949"}],"curies":[{"name":"wp","href":"https:\/\/api.w.org\/{rel}","templated":true}]}}