{"id":64953,"date":"2024-04-03T23:28:41","date_gmt":"2024-04-03T23:28:41","guid":{"rendered":"https:\/\/elterritorialweb.com.ar\/web\/?p=64953"},"modified":"2024-04-03T23:28:44","modified_gmt":"2024-04-03T23:28:44","slug":"la-cgt-no-descarta-un-nuevo-paro-general-contra-el-gobierno-el-milei","status":"publish","type":"post","link":"https:\/\/elterritorialweb.com.ar\/web\/la-cgt-no-descarta-un-nuevo-paro-general-contra-el-gobierno-el-milei\/","title":{"rendered":"LA CGT NO DESCARTA UN NUEVO PARO GENERAL CONTRA EL GOBIERNO EL MILEI"},"content":{"rendered":"\n<p>La mesa chica de la Confederaci\u00f3n General de los Trabajadores&nbsp;<strong>(CGT) se reuni\u00f3 este mi\u00e9rcoles para debatir acerca de la dif\u00edcil situaci\u00f3n socioecon\u00f3mica del pa\u00eds<\/strong>&nbsp;y ultimar los detalles de un posible nuevo paro general contra el gobierno de Javier Milei,<\/p>\n\n\n\n<p>Al t\u00e9rmino del encuentro, el cotitular de la CGT&nbsp;<strong>H\u00e9ctor Daer<\/strong>&nbsp;cont\u00f3 que el pr\u00f3ximo jueves 11 se reunir\u00e1 el consejo directivo de la central obrera donde se analizar\u00e1 la nueva Ley \u00d3mnibus que enviar\u00e1 el Ejecutivo al Congreso y se discutir\u00e1 sobre el plan de lucha a seguir contra el plan de ajuste del Gobierno.<\/p>\n\n\n\n<p>\u00abEs una decisi\u00f3n que va a tomar el consejo directivo, seguramente vamos a tener el proyecto de ley del Poder Ejecutivo y en base a eso y a todas las circunstancias que son de p\u00fablico conocimiento vamos a tomar una medida que no va a ser la \u00fanica.&nbsp;<strong>No descartamos ni paro ni movilizaci\u00f3n<\/strong>\u00ab, indic\u00f3 el dirigente sindical en una rueda de prensa.<\/p>\n\n\n\n<p>\u00abSon muchos los frentes que hay que atender.&nbsp;<strong>Hay que seguir trabajando en la derogaci\u00f3n del DNU en la C\u00e1mara de Diputados, hay que fortalecer las alianzas en el Senado<\/strong>, hay que parar el ajuste desmedido que est\u00e1 llevando a esta situaci\u00f3n tan cr\u00edtica y de ca\u00edda de consumo que tiene un espiral descendente de la econ\u00f3mica que va a tener consecuencias severas sobre todos los sectores\u00bb, se\u00f1al\u00f3 Daer minutos despu\u00e9s en comunicaci\u00f3n<strong>&nbsp;<\/strong>con&nbsp;C5N.<\/p>\n\n\n\n<p><strong>\u00abVa a haber una movilizaci\u00f3n muy grande el primero de mayo&nbsp;<\/strong>pero antes van a haber acciones que tambi\u00e9n se van a llevar a ser definidas ahora\u00bb, anticip\u00f3.<\/p>\n\n\n\n<p>El encuentro se realiz\u00f3 en la sede de UPCN ubicada en la calle Moreno 1300. D\u00edas atr\u00e1s, el gremialista&nbsp;<strong>Pablo Moyano<\/strong>&nbsp;hab\u00eda afirmado que el paro se debe a \u00ablas pol\u00edticas represivas y regresivas\u00bb que tiene el Gobierno y hab\u00eda adelantado que \u201cen los pr\u00f3ximos d\u00edas se va a anunciar una medida\u201d.<\/p>\n\n\n\n<p>\u201cUn paro nacional o una gran marcha federal, como movilizar el d\u00eda que se trate el DNU (70\/23) o la ley \u00f3mnibus, una medida se tiene que tomar. Todo lo que sea es para ponernos en contra de estas pol\u00edticas econ\u00f3micas\u00bb, afirm\u00f3 Moyano.<\/p>\n\n\n\n<p>En la misma linea remarc\u00f3 que los trabajadores no pueden \u00abseguir esperando y viendo c\u00f3mo se siguen generando m\u00e1s despidos\u201d.<\/p>\n\n\n\n<p>La jornada se inici\u00f3 con&nbsp;un plan de lucha llevado a cabo por ATE en contra de la brutal ola de despidos en el Estado.&nbsp;Se llevar\u00e1 a cabo la&nbsp;<strong>\u201cocupaci\u00f3n pac\u00edfica\u201d de las distintas dependencias estatales.&nbsp;<\/strong>En este sentido,&nbsp;Rodolfo Aguiar, titular del gremio estatal, responsabiliz\u00f3 al Gobierno por una posible \u00abviolencia y represi\u00f3n\u00bb.<\/p>\n\n\n\n<p>En este contexto&nbsp;el Gobierno reforz\u00f3 por la ma\u00f1ana la presencia policial en ministerios y dependencias p\u00fablicas&nbsp;y advirti\u00f3 que denunciar\u00e1 penalmente a quienes intenten tomar las oficinas.<\/p>\n","protected":false},"excerpt":{"rendered":"<p>El cotitular de la CGT H\u00e9ctor Daer cont\u00f3 que el jueves 11 de abril se realizar\u00e1 una nueva reuni\u00f3n del consejo directivo donde se analizar\u00e1 la nueva Ley \u00d3mnibus del Gobierno y se decidir\u00e1 el plan de lucha.<\/p>\n","protected":false},"author":2,"featured_media":64954,"comment_status":"open","ping_status":"open","sticky":false,"template":"","format":"standard","meta":{"om_disable_all_campaigns":false,"_monsterinsights_skip_tracking":false,"_monsterinsights_sitenote_active":false,"_monsterinsights_sitenote_note":"","_monsterinsights_sitenote_category":0,"_uf_show_specific_survey":0,"_uf_disable_surveys":false,"jetpack_post_was_ever_published":false,"_jetpack_newsletter_access":"","_jetpack_dont_email_post_to_subs":false,"_jetpack_newsletter_tier_id":0,"_jetpack_memberships_contains_paywalled_content":false,"_jetpack_memberships_contains_paid_content":false,"footnotes":"","jetpack_publicize_message":"","jetpack_publicize_feature_enabled":true,"jetpack_social_post_already_shared":true,"jetpack_social_options":{"image_generator_settings":{"template":"highway","default_image_id":0,"font":"","enabled":false},"version":2}},"categories":[4,7],"tags":[259],"class_list":["post-64953","post","type-post","status-publish","format-standard","has-post-thumbnail","hentry","category-destacadas","category-nacionales","tag-cgt"],"aioseo_notices":[],"views":13,"jetpack_publicize_connections":[],"jetpack_featured_media_url":"https:\/\/i0.wp.com\/elterritorialweb.com.ar\/web\/wp-content\/uploads\/2024\/04\/cgtjpg.jpg?fit=825%2C464&ssl=1","jetpack_sharing_enabled":true,"_links":{"self":[{"href":"https:\/\/elterritorialweb.com.ar\/web\/wp-json\/wp\/v2\/posts\/64953","targetHints":{"allow":["GET"]}}],"collection":[{"href":"https:\/\/elterritorialweb.com.ar\/web\/wp-json\/wp\/v2\/posts"}],"about":[{"href":"https:\/\/elterritorialweb.com.ar\/web\/wp-json\/wp\/v2\/types\/post"}],"author":[{"embeddable":true,"href":"https:\/\/elterritorialweb.com.ar\/web\/wp-json\/wp\/v2\/users\/2"}],"replies":[{"embeddable":true,"href":"https:\/\/elterritorialweb.com.ar\/web\/wp-json\/wp\/v2\/comments?post=64953"}],"version-history":[{"count":1,"href":"https:\/\/elterritorialweb.com.ar\/web\/wp-json\/wp\/v2\/posts\/64953\/revisions"}],"predecessor-version":[{"id":64955,"href":"https:\/\/elterritorialweb.com.ar\/web\/wp-json\/wp\/v2\/posts\/64953\/revisions\/64955"}],"wp:featuredmedia":[{"embeddable":true,"href":"https:\/\/elterritorialweb.com.ar\/web\/wp-json\/wp\/v2\/media\/64954"}],"wp:attachment":[{"href":"https:\/\/elterritorialweb.com.ar\/web\/wp-json\/wp\/v2\/media?parent=64953"}],"wp:term":[{"taxonomy":"category","embeddable":true,"href":"https:\/\/elterritorialweb.com.ar\/web\/wp-json\/wp\/v2\/categories?post=64953"},{"taxonomy":"post_tag","embeddable":true,"href":"https:\/\/elterritorialweb.com.ar\/web\/wp-json\/wp\/v2\/tags?post=64953"}],"curies":[{"name":"wp","href":"https:\/\/api.w.org\/{rel}","templated":true}]}}