{"id":64960,"date":"2024-04-04T12:46:10","date_gmt":"2024-04-04T12:46:10","guid":{"rendered":"https:\/\/elterritorialweb.com.ar\/web\/?p=64960"},"modified":"2024-04-04T12:46:13","modified_gmt":"2024-04-04T12:46:13","slug":"fuentes-destaco-la-tarea-de-los-jardines-municipales-para-integrar-a-ninos-con-discapacidades","status":"publish","type":"post","link":"https:\/\/elterritorialweb.com.ar\/web\/fuentes-destaco-la-tarea-de-los-jardines-municipales-para-integrar-a-ninos-con-discapacidades\/","title":{"rendered":"FUENTES DESTAC\u00d3 LA TAREA DE LOS JARDINES MUNICIPALES PARA INTEGRAR A NI\u00d1OS CON DISCAPACIDADES"},"content":{"rendered":"\n<p>All\u00ed, la jefa comunal recorri\u00f3 la nueva plaza blanda de la instituci\u00f3n educativa; un amplio espacio con baldosas de caucho antigolpes y juegos accesibles para ni\u00f1os con y sin discapacidad, con elementos did\u00e1cticos como toboganes, puentes, calesitas, sube y baja, hamacas y trepadores.<br>All\u00ed, la Ing. Fuentes remarc\u00f3 el avance de las obras de renovaci\u00f3n total de los juegos que ya alcanzaron 24 jardines de infantes de los 26 que dependen del municipio.<br>Adem\u00e1s, durante la jornada se interioriz\u00f3 sobre las producciones alusivas a la fecha elaboradas por los alumnos, particip\u00f3 de un acto en cual hubo expresiones corporales protagonizadas por los ni\u00f1os y escuch\u00f3 el testimonio de padres de chicos con TEA que asisten a la instituci\u00f3n, quienes manifestaron su gratitud \u00abpor la contenci\u00f3n y acompa\u00f1amiento que reciben de los directivos, los docentes y las familias de la comunidad educativa\u00bb.<br>En este sentido, la intendente Fuentes destac\u00f3 \u00abla necesidad de trabajar y construir desde el amor para alcanzar una sociedad m\u00e1s justa y sana, tal como hacen los jardines de infantes municipales para integrar a todos los ni\u00f1os, siempre con respeto y solidaridad\u00bb.<br>\u00abEstamos convencidos de que debemos tener un Estado presente, que identifique las necesidades de la poblaci\u00f3n y trabaje para satisfacerlas, ya que esa es la verdadera inclusi\u00f3n\u00bb, expres\u00f3.<br>Por su parte, la directora del establecimiento, Mar\u00eda Marta Llarrull, resalt\u00f3 \u00ablas permanentes capacitaciones que recibimos del municipio para estar mejor preparados como docentes para recibir a alumnos con autismo y otras discapacidades, estando siempre a la altura de lo que demanda nuestra comunidad y ayud\u00e1ndolos a desarrollar todo su potencial sin ning\u00fan tipo de barrera\u00bb.<\/p>\n","protected":false},"excerpt":{"rendered":"<p>La intendente de la Capital, Ing. Norma Fuentes, particip\u00f3 de una jornada de concientizaci\u00f3n para conmemorar el D\u00eda Mundial del Autismo, realizada en el Jard\u00edn de Infantes N\u00b0 23 \u00abDr. Emilio Christensen\u00bb ubicado en el barrio Juramento.<\/p>\n","protected":false},"author":2,"featured_media":64961,"comment_status":"open","ping_status":"open","sticky":false,"template":"","format":"standard","meta":{"om_disable_all_campaigns":false,"_monsterinsights_skip_tracking":false,"_monsterinsights_sitenote_active":false,"_monsterinsights_sitenote_note":"","_monsterinsights_sitenote_category":0,"_uf_show_specific_survey":0,"_uf_disable_surveys":false,"jetpack_post_was_ever_published":false,"_jetpack_newsletter_access":"","_jetpack_dont_email_post_to_subs":false,"_jetpack_newsletter_tier_id":0,"_jetpack_memberships_contains_paywalled_content":false,"_jetpack_memberships_contains_paid_content":false,"footnotes":"","jetpack_publicize_message":"","jetpack_publicize_feature_enabled":true,"jetpack_social_post_already_shared":true,"jetpack_social_options":{"image_generator_settings":{"template":"highway","default_image_id":0,"font":"","enabled":false},"version":2}},"categories":[21],"tags":[116],"class_list":["post-64960","post","type-post","status-publish","format-standard","has-post-thumbnail","hentry","category-locales","tag-norma-fuentes"],"aioseo_notices":[],"views":14,"jetpack_publicize_connections":[],"jetpack_featured_media_url":"https:\/\/i0.wp.com\/elterritorialweb.com.ar\/web\/wp-content\/uploads\/2024\/04\/Intendente-jardines.jpg?fit=1280%2C853&ssl=1","jetpack_sharing_enabled":true,"_links":{"self":[{"href":"https:\/\/elterritorialweb.com.ar\/web\/wp-json\/wp\/v2\/posts\/64960","targetHints":{"allow":["GET"]}}],"collection":[{"href":"https:\/\/elterritorialweb.com.ar\/web\/wp-json\/wp\/v2\/posts"}],"about":[{"href":"https:\/\/elterritorialweb.com.ar\/web\/wp-json\/wp\/v2\/types\/post"}],"author":[{"embeddable":true,"href":"https:\/\/elterritorialweb.com.ar\/web\/wp-json\/wp\/v2\/users\/2"}],"replies":[{"embeddable":true,"href":"https:\/\/elterritorialweb.com.ar\/web\/wp-json\/wp\/v2\/comments?post=64960"}],"version-history":[{"count":1,"href":"https:\/\/elterritorialweb.com.ar\/web\/wp-json\/wp\/v2\/posts\/64960\/revisions"}],"predecessor-version":[{"id":64962,"href":"https:\/\/elterritorialweb.com.ar\/web\/wp-json\/wp\/v2\/posts\/64960\/revisions\/64962"}],"wp:featuredmedia":[{"embeddable":true,"href":"https:\/\/elterritorialweb.com.ar\/web\/wp-json\/wp\/v2\/media\/64961"}],"wp:attachment":[{"href":"https:\/\/elterritorialweb.com.ar\/web\/wp-json\/wp\/v2\/media?parent=64960"}],"wp:term":[{"taxonomy":"category","embeddable":true,"href":"https:\/\/elterritorialweb.com.ar\/web\/wp-json\/wp\/v2\/categories?post=64960"},{"taxonomy":"post_tag","embeddable":true,"href":"https:\/\/elterritorialweb.com.ar\/web\/wp-json\/wp\/v2\/tags?post=64960"}],"curies":[{"name":"wp","href":"https:\/\/api.w.org\/{rel}","templated":true}]}}