{"id":64967,"date":"2024-04-04T22:43:32","date_gmt":"2024-04-04T22:43:32","guid":{"rendered":"https:\/\/elterritorialweb.com.ar\/web\/?p=64967"},"modified":"2024-04-04T22:43:35","modified_gmt":"2024-04-04T22:43:35","slug":"upcn-nacional-denuncia-despidos-arbitrarios-en-el-estado-y-presenta-recurso-de-amparo-colectivo","status":"publish","type":"post","link":"https:\/\/elterritorialweb.com.ar\/web\/upcn-nacional-denuncia-despidos-arbitrarios-en-el-estado-y-presenta-recurso-de-amparo-colectivo\/","title":{"rendered":"UPCN NACIONAL DENUNCIA DESPIDOS ARBITRARIOS EN EL ESTADO Y PRESENTA RECURSO DE AMPARO COLECTIVO"},"content":{"rendered":"\n<p>Andr\u00e9s Rodr\u00edguez, Secretario General nacional de la Uni\u00f3n de Personal Civil de la Naci\u00f3n (UPCN) y Secretario General adjunto de la Confederaci\u00f3n General del Trabajo CGT fue personalmente al Juzgado Nacional de Primera Instancia del Trabajo N\u00b0 57, Lavalle 1268, de la Ciudad de Buenos Aires para presentar una acci\u00f3n de amparo colectiva para que se ordene al Estado empleador el cese de despidos masivos de trabajadores p\u00fablicos nacionales.<\/p>\n\n\n\n<p>En este sentido \u00c1vila sostuvo: \u00abCreo que es la primera vez, que presentamos un recurso de amparo colectivo para que restituyan a los empleados que fueron despedidos. Se habla de 70 mil despidos a nivel nacional como dijo el propio presidente, pero no se sabe con exactitud la cantidad, puesto que los despidos son irregulares. Algunos son informados por la prensa, por mail o directamente no pueden ingresar a su computadora. Son pocos los telegramas de despidos. S\u00ed podemos decir que se habla de cerca de 10 mil trabajadores, pero reitero, no podemos saber si es verdad. Lo que s\u00ed sabemos, es que en nuestra provincia efectivamente han llegado notificaciones de despidos a empleados contratados y algunos de planta permanente con muchos a\u00f1os de antig\u00fcedad que cumpl\u00edan funciones en diferentes organismos como ANSES, Agricultura Familiar, SENASA, ENACOM, Ministerio de Trabajo de la Naci\u00f3n, Desarrollo Social, ANDIS, Seguridad Vial. No s\u00f3lo despidieron como dec\u00eda el presidente a los contratados del 2023 o de la \u00faltima gesti\u00f3n, aqu\u00ed se despide empleados con m\u00e1s de 20 a\u00f1os de antig\u00fcedad\u00bb.<\/p>\n\n\n\n<p>\u00abEst\u00e1n despidiendo empleados con antig\u00fcedad de m\u00e1s de 15 a\u00f1os que son planta permanente y como sabemos, este gobierno no quiere al Estado ni al federalismo, desprestigia a los empleados p\u00fablicos, los discriminan trat\u00e1ndolos de \u00ab\u00f1oquis\u00bb, tal es el caso del empleado del Servicio Meteorol\u00f3gico Nacional con 20 a\u00f1os de antig\u00fcedad, fue despedido y en el d\u00eda de ayer hemos logrado la reincorporaci\u00f3n de este compa\u00f1ero a su puesto de trabajo\u00bb, sostuvo \u00c1vila.<\/p>\n\n\n\n<p>Adem\u00e1s agreg\u00f3: \u00abEn la provincia de Santiago del Estero no existe la figura esa que quieren instalar de \u00ab\u00f1oquis\u00bb para defenestrar a los empleados. Por ejemplo el caso de ENACOM, en el que ayer despidieron 11 trabajadores, es un organismo creado por Ley, es recaudador y genera super\u00e1vit al igual que la ANDIS, que tambi\u00e9n ten\u00eda casi la misma cantidad de empleados, algunos con una antig\u00fcedad de 18 a\u00f1os. El gobierno nacional lo que quiere en definitiva, es que no haya federalismo, que los organismos nacionales no tengan su injerencia en las provincias. El pensamiento de este presidente es que el Estado no exista\u00bb.<\/p>\n\n\n\n<p>\u00abEl modus operandi que utiliza el gobierno para realizar los despidos tiene mucha crueldad debido a que los trabajadores se enteraron en los lugares de trabajo que ya no pertenec\u00edan a las dependencias, ni si quiera les lleg\u00f3 un telegrama de despido. Mediante esos actos arbitrarios y discriminatorios, se vulneran derechos establecidos en el Art\u00edculo 14 bis de nuestra Constituci\u00f3n Nacional, que consagra al trabajador p\u00fablico como sujeto de preferente tutela, garantiz\u00e1ndole estabilidad propia en el empleo\u00ab, enfatiz\u00f3 \u00c1vila.<\/p>\n\n\n\n<p>\u00abNuestro compa\u00f1ero y conductor Andr\u00e9s Rodr\u00edguez present\u00f3 el recurso de amparo, que hoy, es nuestra estrategia de lucha para los compa\u00f1eros trabajadores cesanteados. Nosotros seguiremos con las acciones gremiales. Estamos en estado de alerta y movilizaci\u00f3n, realizando asambleas informativas, batucadas, quite de colaboraci\u00f3n de 2 a 4 horas en organismos espec\u00edficos donde se ha interrumpido el di\u00e1logo con los funcionarios o directamente no existe di\u00e1logo y han tomado esta decisi\u00f3n de echar trabajadores\u00bb, concluy\u00f3 \u00c1vila.<\/p>\n","protected":false},"excerpt":{"rendered":"<p>Orlando \u00c1vila, Secretario general de regional Santiago del Estero de UPCN, habl\u00f3 sobre los despidos masivos y el recurso de amparo que se present\u00f3 este jueves ante la Justicia para exigir el cese de despidos en la administraci\u00f3n p\u00fablica que desarrolla la gesti\u00f3n de Javier Milei. Adem\u00e1s, critic\u00f3 la discriminaci\u00f3n hacia los empleados p\u00fablicos y se\u00f1al\u00f3 la importancia del federalismo.<\/p>\n","protected":false},"author":2,"featured_media":64970,"comment_status":"open","ping_status":"open","sticky":false,"template":"","format":"standard","meta":{"om_disable_all_campaigns":false,"_monsterinsights_skip_tracking":false,"_monsterinsights_sitenote_active":false,"_monsterinsights_sitenote_note":"","_monsterinsights_sitenote_category":0,"_uf_show_specific_survey":0,"_uf_disable_surveys":false,"jetpack_post_was_ever_published":false,"_jetpack_newsletter_access":"","_jetpack_dont_email_post_to_subs":false,"_jetpack_newsletter_tier_id":0,"_jetpack_memberships_contains_paywalled_content":false,"_jetpack_memberships_contains_paid_content":false,"footnotes":"","jetpack_publicize_message":"","jetpack_publicize_feature_enabled":true,"jetpack_social_post_already_shared":true,"jetpack_social_options":{"image_generator_settings":{"template":"highway","default_image_id":0,"font":"","enabled":false},"version":2}},"categories":[21],"tags":[],"class_list":["post-64967","post","type-post","status-publish","format-standard","has-post-thumbnail","hentry","category-locales"],"aioseo_notices":[],"views":13,"jetpack_publicize_connections":[],"jetpack_featured_media_url":"https:\/\/i0.wp.com\/elterritorialweb.com.ar\/web\/wp-content\/uploads\/2024\/04\/IMG-20240404-WA0020.jpg?fit=1079%2C1141&ssl=1","jetpack_sharing_enabled":true,"_links":{"self":[{"href":"https:\/\/elterritorialweb.com.ar\/web\/wp-json\/wp\/v2\/posts\/64967","targetHints":{"allow":["GET"]}}],"collection":[{"href":"https:\/\/elterritorialweb.com.ar\/web\/wp-json\/wp\/v2\/posts"}],"about":[{"href":"https:\/\/elterritorialweb.com.ar\/web\/wp-json\/wp\/v2\/types\/post"}],"author":[{"embeddable":true,"href":"https:\/\/elterritorialweb.com.ar\/web\/wp-json\/wp\/v2\/users\/2"}],"replies":[{"embeddable":true,"href":"https:\/\/elterritorialweb.com.ar\/web\/wp-json\/wp\/v2\/comments?post=64967"}],"version-history":[{"count":1,"href":"https:\/\/elterritorialweb.com.ar\/web\/wp-json\/wp\/v2\/posts\/64967\/revisions"}],"predecessor-version":[{"id":64971,"href":"https:\/\/elterritorialweb.com.ar\/web\/wp-json\/wp\/v2\/posts\/64967\/revisions\/64971"}],"wp:featuredmedia":[{"embeddable":true,"href":"https:\/\/elterritorialweb.com.ar\/web\/wp-json\/wp\/v2\/media\/64970"}],"wp:attachment":[{"href":"https:\/\/elterritorialweb.com.ar\/web\/wp-json\/wp\/v2\/media?parent=64967"}],"wp:term":[{"taxonomy":"category","embeddable":true,"href":"https:\/\/elterritorialweb.com.ar\/web\/wp-json\/wp\/v2\/categories?post=64967"},{"taxonomy":"post_tag","embeddable":true,"href":"https:\/\/elterritorialweb.com.ar\/web\/wp-json\/wp\/v2\/tags?post=64967"}],"curies":[{"name":"wp","href":"https:\/\/api.w.org\/{rel}","templated":true}]}}