{"id":64972,"date":"2024-04-04T22:50:15","date_gmt":"2024-04-04T22:50:15","guid":{"rendered":"https:\/\/elterritorialweb.com.ar\/web\/?p=64972"},"modified":"2024-04-04T22:50:18","modified_gmt":"2024-04-04T22:50:18","slug":"alumnos-de-taboada-visitaron-casa-de-gobierno","status":"publish","type":"post","link":"https:\/\/elterritorialweb.com.ar\/web\/alumnos-de-taboada-visitaron-casa-de-gobierno\/","title":{"rendered":"ALUMNOS DE TABOADA VISITARON CASA DE GOBIERNO"},"content":{"rendered":"\n<p>La visita se dio en el marco del programa \u201cConociendo mi Provincia\u201d, que tiene como objetivo fortalecer la igualdad de oportunidades especialmente para chicos del interior santiague\u00f1o que cursan el \u00faltimo a\u00f1o de la secundaria, quienes pueden compartir una inolvidable experiencia en un recorrido por la ciudad Capital, Las Termas de R\u00edo Hondo y Villa la Punta.<br>En esta ocasi\u00f3n, el encuentro se llev\u00f3 a cabo en el Sal\u00f3n de Acuerdos \u201cJuan Felipe Ibarra\u201d, donde los profesores agradecieron al jefe de Gabinete por el recibimiento y la continuidad de \u00e9ste y otros programas provinciales destinados a los alumnos, los que permiten fundamentalmente romper asimetr\u00edas y potenciar las capacidades de los chicos sin importar su condici\u00f3n social ni lugar de origen.<br>Su\u00e1rez felicit\u00f3 al cuerpo de docentes por su trabajo, acompa\u00f1amiento y vocaci\u00f3n a lo largo de los a\u00f1os, y destac\u00f3 la importancia de compartir con los alumnos esta experiencia, sobre todo en la etapa de su formaci\u00f3n. \u201cNuestra mayor obligaci\u00f3n institucional es acompa\u00f1ar este proceso educativo y consolidarlo a lo largo del tiempo\u201d, recalc\u00f3 el jefe de Gabinete.<\/p>\n","protected":false},"excerpt":{"rendered":"<p>En representaci\u00f3n del gobernador Gerardo Zamora, el jefe de Gabinete de Ministros, El\u00edas Su\u00e1rez, recibi\u00f3 este jueves en Casa de Gobierno la visita de 41 alumnos del Colegio Secundario de la localidad de Lote 5 y del Agrupamiento Educativo de Itinerancia N\u00ba 86015\/17 con sede en el Colegio Secundario \u201cLancelott Carroll\u201d de la localidad de Los Jur\u00edes, ambas instituciones ubicadas en el departamento Taboada.<\/p>\n","protected":false},"author":2,"featured_media":64973,"comment_status":"open","ping_status":"open","sticky":false,"template":"","format":"standard","meta":{"om_disable_all_campaigns":false,"_monsterinsights_skip_tracking":false,"_monsterinsights_sitenote_active":false,"_monsterinsights_sitenote_note":"","_monsterinsights_sitenote_category":0,"_uf_show_specific_survey":0,"_uf_disable_surveys":false,"jetpack_post_was_ever_published":false,"_jetpack_newsletter_access":"","_jetpack_dont_email_post_to_subs":false,"_jetpack_newsletter_tier_id":0,"_jetpack_memberships_contains_paywalled_content":false,"_jetpack_memberships_contains_paid_content":false,"footnotes":"","jetpack_publicize_message":"","jetpack_publicize_feature_enabled":true,"jetpack_social_post_already_shared":true,"jetpack_social_options":{"image_generator_settings":{"template":"highway","default_image_id":0,"font":"","enabled":false},"version":2}},"categories":[21],"tags":[49,201],"class_list":["post-64972","post","type-post","status-publish","format-standard","has-post-thumbnail","hentry","category-locales","tag-gobierno-de-santiago-del-estero","tag-programa-conociendo-mi-provincia"],"aioseo_notices":[],"views":12,"jetpack_publicize_connections":[],"jetpack_featured_media_url":"https:\/\/i0.wp.com\/elterritorialweb.com.ar\/web\/wp-content\/uploads\/2024\/04\/IMG-20240404-WA0019.jpg?fit=1600%2C1066&ssl=1","jetpack_sharing_enabled":true,"_links":{"self":[{"href":"https:\/\/elterritorialweb.com.ar\/web\/wp-json\/wp\/v2\/posts\/64972","targetHints":{"allow":["GET"]}}],"collection":[{"href":"https:\/\/elterritorialweb.com.ar\/web\/wp-json\/wp\/v2\/posts"}],"about":[{"href":"https:\/\/elterritorialweb.com.ar\/web\/wp-json\/wp\/v2\/types\/post"}],"author":[{"embeddable":true,"href":"https:\/\/elterritorialweb.com.ar\/web\/wp-json\/wp\/v2\/users\/2"}],"replies":[{"embeddable":true,"href":"https:\/\/elterritorialweb.com.ar\/web\/wp-json\/wp\/v2\/comments?post=64972"}],"version-history":[{"count":1,"href":"https:\/\/elterritorialweb.com.ar\/web\/wp-json\/wp\/v2\/posts\/64972\/revisions"}],"predecessor-version":[{"id":64974,"href":"https:\/\/elterritorialweb.com.ar\/web\/wp-json\/wp\/v2\/posts\/64972\/revisions\/64974"}],"wp:featuredmedia":[{"embeddable":true,"href":"https:\/\/elterritorialweb.com.ar\/web\/wp-json\/wp\/v2\/media\/64973"}],"wp:attachment":[{"href":"https:\/\/elterritorialweb.com.ar\/web\/wp-json\/wp\/v2\/media?parent=64972"}],"wp:term":[{"taxonomy":"category","embeddable":true,"href":"https:\/\/elterritorialweb.com.ar\/web\/wp-json\/wp\/v2\/categories?post=64972"},{"taxonomy":"post_tag","embeddable":true,"href":"https:\/\/elterritorialweb.com.ar\/web\/wp-json\/wp\/v2\/tags?post=64972"}],"curies":[{"name":"wp","href":"https:\/\/api.w.org\/{rel}","templated":true}]}}