{"id":65033,"date":"2024-04-06T20:42:49","date_gmt":"2024-04-06T20:42:49","guid":{"rendered":"http:\/\/elterritorialweb.com.ar\/web\/?p=65033"},"modified":"2024-04-06T20:42:51","modified_gmt":"2024-04-06T20:42:51","slug":"habra-opcion-de-cargos-en-dos-jardines-de-infantes-municipales","status":"publish","type":"post","link":"https:\/\/elterritorialweb.com.ar\/web\/habra-opcion-de-cargos-en-dos-jardines-de-infantes-municipales\/","title":{"rendered":"HABR\u00c1 OPCI\u00d3N DE CARGOS EN DOS JARDINES DE INFANTES MUNICIPALES"},"content":{"rendered":"\n<p>El <strong>Acto de Opci\u00f3n de Cargos<\/strong> se llevar\u00e1 a cabo el <strong>viernes 12 de abril, a las 9:30<\/strong>, en las instalaciones de la <strong>Escuela Municipal de Programaci\u00f3n y Rob\u00f3tica<\/strong>, situada en la Avenida Besares y S\u00e1enz Pe\u00f1a.<\/p>\n\n\n\n<p>El <strong>llamado abarca <\/strong>los siguientes cargos: <strong>Un cargo de maestra de sala, turno ma\u00f1ana, en car\u00e1cter interino, en el Jard\u00edn de Infantes Municipal N\u00b010 \u201cOsitos Cari\u00f1osos\u201d. Y un cargo de maestra celadora, turno tarde, en car\u00e1cter interino, en el Jard\u00edn de Infantes Municipal N\u00b08 \u201cMi Peque\u00f1o Mundo\u201d<\/strong>.<\/p>\n\n\n\n<p>En <strong>el momento de la opci\u00f3n<\/strong>, las docentes deber\u00e1n presentar:<strong> Ficha m\u00e9dica completa (V\u00e1lido apto f\u00edsico de reconocimiento m\u00e9dico de la Provincia), fotocopia y original del t\u00edtulo docente, fotocopia y original del D.N.I., r\u00e9gimen de incompatibilidad original y firmado hasta 48 horas antes del d\u00eda de la designaci\u00f3n, CUIL, Certificado de Buena Conducta actualizado y Acta de Nacimiento de los hijos para dirimir en caso de empate.<\/strong><\/p>\n","protected":false},"excerpt":{"rendered":"<p>La Junta de Calificaciones y Clasificaciones de Nivel Inicial de la Subsecretar\u00eda de Educaci\u00f3n y Cultura de la Municipalidad de La Banda, informa que en los pr\u00f3ximos d\u00edas habr\u00e1 una Opci\u00f3n de Cargos para Interinatos y Suplencias de Maestras de Secci\u00f3n\/Celadoras seg\u00fan LOM 2024.<\/p>\n","protected":false},"author":2,"featured_media":65034,"comment_status":"open","ping_status":"open","sticky":false,"template":"","format":"standard","meta":{"om_disable_all_campaigns":false,"_monsterinsights_skip_tracking":false,"_monsterinsights_sitenote_active":false,"_monsterinsights_sitenote_note":"","_monsterinsights_sitenote_category":0,"_uf_show_specific_survey":0,"_uf_disable_surveys":false,"jetpack_post_was_ever_published":false,"_jetpack_newsletter_access":"","_jetpack_dont_email_post_to_subs":false,"_jetpack_newsletter_tier_id":0,"_jetpack_memberships_contains_paywalled_content":false,"_jetpack_memberships_contains_paid_content":false,"footnotes":"","jetpack_publicize_message":"","jetpack_publicize_feature_enabled":true,"jetpack_social_post_already_shared":false,"jetpack_social_options":{"image_generator_settings":{"template":"highway","default_image_id":0,"font":"","enabled":false},"version":2}},"categories":[9,19],"tags":[71],"class_list":["post-65033","post","type-post","status-publish","format-standard","has-post-thumbnail","hentry","category-banda","category-educacion","tag-municipalidad-de-la-banda"],"aioseo_notices":[],"views":10,"jetpack_publicize_connections":[],"jetpack_featured_media_url":"https:\/\/i0.wp.com\/elterritorialweb.com.ar\/web\/wp-content\/uploads\/2024\/04\/OPCION-DE-CARGOS-BANDA.jpeg?fit=1024%2C461&ssl=1","jetpack_sharing_enabled":true,"_links":{"self":[{"href":"https:\/\/elterritorialweb.com.ar\/web\/wp-json\/wp\/v2\/posts\/65033","targetHints":{"allow":["GET"]}}],"collection":[{"href":"https:\/\/elterritorialweb.com.ar\/web\/wp-json\/wp\/v2\/posts"}],"about":[{"href":"https:\/\/elterritorialweb.com.ar\/web\/wp-json\/wp\/v2\/types\/post"}],"author":[{"embeddable":true,"href":"https:\/\/elterritorialweb.com.ar\/web\/wp-json\/wp\/v2\/users\/2"}],"replies":[{"embeddable":true,"href":"https:\/\/elterritorialweb.com.ar\/web\/wp-json\/wp\/v2\/comments?post=65033"}],"version-history":[{"count":1,"href":"https:\/\/elterritorialweb.com.ar\/web\/wp-json\/wp\/v2\/posts\/65033\/revisions"}],"predecessor-version":[{"id":65035,"href":"https:\/\/elterritorialweb.com.ar\/web\/wp-json\/wp\/v2\/posts\/65033\/revisions\/65035"}],"wp:featuredmedia":[{"embeddable":true,"href":"https:\/\/elterritorialweb.com.ar\/web\/wp-json\/wp\/v2\/media\/65034"}],"wp:attachment":[{"href":"https:\/\/elterritorialweb.com.ar\/web\/wp-json\/wp\/v2\/media?parent=65033"}],"wp:term":[{"taxonomy":"category","embeddable":true,"href":"https:\/\/elterritorialweb.com.ar\/web\/wp-json\/wp\/v2\/categories?post=65033"},{"taxonomy":"post_tag","embeddable":true,"href":"https:\/\/elterritorialweb.com.ar\/web\/wp-json\/wp\/v2\/tags?post=65033"}],"curies":[{"name":"wp","href":"https:\/\/api.w.org\/{rel}","templated":true}]}}