{"id":65036,"date":"2024-04-06T21:04:30","date_gmt":"2024-04-06T21:04:30","guid":{"rendered":"http:\/\/elterritorialweb.com.ar\/web\/?p=65036"},"modified":"2024-04-06T21:04:33","modified_gmt":"2024-04-06T21:04:33","slug":"reaparecio-cristina-kirchner-y-critico-al-gobierno-el-cuadro-se-agrava-cada-vez-mas","status":"publish","type":"post","link":"https:\/\/elterritorialweb.com.ar\/web\/reaparecio-cristina-kirchner-y-critico-al-gobierno-el-cuadro-se-agrava-cada-vez-mas\/","title":{"rendered":"REAPARECI\u00d3 CRISTINA KIRCHNER Y CRITIC\u00d3 AL GOBIERNO: \u00abEL CUADRO SE AGRAVA CADA VEZ M\u00c1S\u00bb"},"content":{"rendered":"\n<p>La expresidenta\u00a0<strong>Cristina Kirchner reapareci\u00f3 este s\u00e1bado\u00a0<\/strong>con un mensaje enviado al plenario de la Mesa Nacional de Nuevo Encuentro que se lleva a cabo en Mor\u00f3n donde\u00a0<strong>habl\u00f3 sobre los aumentos de tarifas, la deuda externa y pol\u00edtica econ\u00f3mica\u00a0<\/strong>llevada adelante por el Gobierno y la necesidad \u00abimprescindible\u00bb de \u00ababordar y profundizar la situaci\u00f3n del pa\u00eds\u00bb.<\/p>\n\n\n\n<p>Las palabras de exjefa de Estado se dan luego de la publicaci\u00f3n realizada el 2 de abril en su cuenta de X (antes Twitter) donde\u00a0<strong>pidi\u00f3 recordar a los ca\u00eddos en Malvinas \u00abcon respeto y con honor\u00bb<\/strong>.<\/p>\n\n\n\n<p>\u00abHola, Mart\u00edn! Hola a todos y a todas los compa\u00f1eros y compa\u00f1eras de Nuevo Encuentro de las distintas partes del pa\u00eds. Referentes de provincias y representantes institucionales de esa fuerza pol\u00edtica, que hoy re\u00fane a su Mesa Nacional en Mor\u00f3n, Provincia de Buenos Aires\u00bb, se la escucha decir a Cristina al comienzo del mensaje enviado en las \u00faltimas horas.<\/p>\n\n\n\n<p>Para la expresidenta, \u00abseguramente, y como es l\u00f3gico, destinar\u00e1n parte de este encuentro a la discusi\u00f3n y organizaci\u00f3n de la fuerza. Pero tambi\u00e9n, y\u00a0<strong>estoy segura que ustedes coincidir\u00e1n conmigo, resulta imprescindible abordar y profundizar la situaci\u00f3n del pa\u00eds\u00bb<\/strong>.<\/p>\n\n\n\n<p>Luego record\u00f3 \u00abel documento que publicamos el 14 de febrero\u00a0de este a\u00f1o, bajo el concepto Argentina en su tercera crisis de deuda. Cuadro de situaci\u00f3n\u00bb, donde \u00absostuvimos la necesidad de caracterizar adecuadamente el momento institucional, en materia hist\u00f3rica, pol\u00edtica y social\u00bb.<\/p>\n\n\n\n<p>\u00abTal cual lo preve\u00edamos en el mismo, el cuadro se agrava cada vez m\u00e1s, agreg\u00e1ndose ahora la cuesti\u00f3n del precio de los servicios p\u00fablicos esenciales.\u00a0<strong>El aumento de las tarifas, que en realidad debe implicar, ni m\u00e1s ni menos que discutir o rediscutir la cuesti\u00f3n energ\u00e9tica y su marco regulatorio en Argentina,<\/strong>\u00a0significar\u00e1n sin lugar a duda un punto de inflexi\u00f3n en los tiempos que vienen\u00bb, detall\u00f3 Cristina en referencia al aumentos de las boletas en los servicios de luz, agua y gas autorizados por la gesti\u00f3n de Javier Milei.<\/p>\n\n\n\n<figure class=\"wp-block-embed is-type-video is-provider-youtube wp-block-embed-youtube wp-embed-aspect-16-9 wp-has-aspect-ratio\"><div class=\"wp-block-embed__wrapper\">\n<iframe title=\"Cristina Kirchner reapareci\u00f3 y habl\u00f3 de los aumentos de tarifas, deuda externa y pol\u00edtica econ\u00f3mica\" width=\"640\" height=\"360\" data-src=\"https:\/\/www.youtube.com\/embed\/8FTBrTnMN1c?feature=oembed\" frameborder=\"0\" allow=\"accelerometer; autoplay; clipboard-write; encrypted-media; gyroscope; picture-in-picture; web-share\" referrerpolicy=\"strict-origin-when-cross-origin\" allowfullscreen src=\"data:image\/svg+xml;base64,PHN2ZyB3aWR0aD0iMSIgaGVpZ2h0PSIxIiB4bWxucz0iaHR0cDovL3d3dy53My5vcmcvMjAwMC9zdmciPjwvc3ZnPg==\" class=\"lazyload\" data-load-mode=\"1\"><\/iframe>\n<\/div><\/figure>\n\n\n\n<p>Luego se refiri\u00f3 a temas econ\u00f3micos: \u00ab<strong>Deuda externa y energ\u00eda deben ser dos vectores que se entrecrucen en la construcci\u00f3n de una Argentina diferente,<\/strong>&nbsp;y nuestra oposici\u00f3n al modelo que nos plantean desde un dogmatismo e ideologismo absolutamente incomprensible, no debe ser precisamente desde el dogmatismo tambi\u00e9n, o desde el consignismo. Sino desde la comprobaci\u00f3n emp\u00edrica, comprobaci\u00f3n emp\u00edrica vuelvo a reitera\u00bb.<\/p>\n\n\n\n<p>\u00abLos hechos, las opiniones pueden variar, los hechos son sagrados dijo alguien, no? Bueno, la comprobaci\u00f3n emp\u00edrica del fracaso de estas pol\u00edticas, que no son nuevas, ni mucho menos originales. Experiencia que, bueno es decirlo y aclararlo tambi\u00e9n, nos debe obligar a nosotros a analizar lo hecho y repensar estrategia y pol\u00edticas en t\u00e9rminos de presente y de futuro\u00bb, agreg\u00f3.<\/p>\n\n\n\n<p>Sobre el final mostr\u00f3 esperanza de que&nbsp;<strong>\u00abcon la convicci\u00f3n de siempre, y con la confianza, plena confianza, de que en los espacios de discusi\u00f3n del movimiento nacional, popular y democr\u00e1tico, podremos no solo interpretar la historia, sino tambi\u00e9n resignificarla para volver a representar<\/strong>. Un abrazo muy grande, enorme, a todos y todas\u00bb.<\/p>\n","protected":false},"excerpt":{"rendered":"<p>La expresidenta se pronunci\u00f3 sobre los principales temas socioecon\u00f3micos que afectan a la Argentina mediante un audio enviado al plenario de la Mesa Nacional de Nuevo Encuentro que se lleva a cabo en Mor\u00f3n.<\/p>\n","protected":false},"author":2,"featured_media":65037,"comment_status":"open","ping_status":"open","sticky":false,"template":"","format":"standard","meta":{"om_disable_all_campaigns":false,"_monsterinsights_skip_tracking":false,"_monsterinsights_sitenote_active":false,"_monsterinsights_sitenote_note":"","_monsterinsights_sitenote_category":0,"_uf_show_specific_survey":0,"_uf_disable_surveys":false,"jetpack_post_was_ever_published":false,"_jetpack_newsletter_access":"","_jetpack_dont_email_post_to_subs":false,"_jetpack_newsletter_tier_id":0,"_jetpack_memberships_contains_paywalled_content":false,"_jetpack_memberships_contains_paid_content":false,"footnotes":"","jetpack_publicize_message":"","jetpack_publicize_feature_enabled":true,"jetpack_social_post_already_shared":false,"jetpack_social_options":{"image_generator_settings":{"template":"highway","default_image_id":0,"font":"","enabled":false},"version":2}},"categories":[4,7],"tags":[85],"class_list":["post-65036","post","type-post","status-publish","format-standard","has-post-thumbnail","hentry","category-destacadas","category-nacionales","tag-cristina-kirchner"],"aioseo_notices":[],"views":12,"jetpack_publicize_connections":[],"jetpack_featured_media_url":"https:\/\/i0.wp.com\/elterritorialweb.com.ar\/web\/wp-content\/uploads\/2024\/04\/CRISTINA-KIRCHNER.webp?fit=610%2C457&ssl=1","jetpack_sharing_enabled":true,"_links":{"self":[{"href":"https:\/\/elterritorialweb.com.ar\/web\/wp-json\/wp\/v2\/posts\/65036","targetHints":{"allow":["GET"]}}],"collection":[{"href":"https:\/\/elterritorialweb.com.ar\/web\/wp-json\/wp\/v2\/posts"}],"about":[{"href":"https:\/\/elterritorialweb.com.ar\/web\/wp-json\/wp\/v2\/types\/post"}],"author":[{"embeddable":true,"href":"https:\/\/elterritorialweb.com.ar\/web\/wp-json\/wp\/v2\/users\/2"}],"replies":[{"embeddable":true,"href":"https:\/\/elterritorialweb.com.ar\/web\/wp-json\/wp\/v2\/comments?post=65036"}],"version-history":[{"count":1,"href":"https:\/\/elterritorialweb.com.ar\/web\/wp-json\/wp\/v2\/posts\/65036\/revisions"}],"predecessor-version":[{"id":65038,"href":"https:\/\/elterritorialweb.com.ar\/web\/wp-json\/wp\/v2\/posts\/65036\/revisions\/65038"}],"wp:featuredmedia":[{"embeddable":true,"href":"https:\/\/elterritorialweb.com.ar\/web\/wp-json\/wp\/v2\/media\/65037"}],"wp:attachment":[{"href":"https:\/\/elterritorialweb.com.ar\/web\/wp-json\/wp\/v2\/media?parent=65036"}],"wp:term":[{"taxonomy":"category","embeddable":true,"href":"https:\/\/elterritorialweb.com.ar\/web\/wp-json\/wp\/v2\/categories?post=65036"},{"taxonomy":"post_tag","embeddable":true,"href":"https:\/\/elterritorialweb.com.ar\/web\/wp-json\/wp\/v2\/tags?post=65036"}],"curies":[{"name":"wp","href":"https:\/\/api.w.org\/{rel}","templated":true}]}}