{"id":65043,"date":"2024-04-06T21:34:09","date_gmt":"2024-04-06T21:34:09","guid":{"rendered":"http:\/\/elterritorialweb.com.ar\/web\/?p=65043"},"modified":"2024-04-06T21:34:12","modified_gmt":"2024-04-06T21:34:12","slug":"soledad-silveyra-fue-internada-y-tuvo-que-ser-intervenida-quirurgicamente","status":"publish","type":"post","link":"https:\/\/elterritorialweb.com.ar\/web\/soledad-silveyra-fue-internada-y-tuvo-que-ser-intervenida-quirurgicamente\/","title":{"rendered":"SOLEDAD SILVEYRA FUE INTERNADA Y TUVO QUE SER INTERVENIDA QUIRURGICAMENTE"},"content":{"rendered":"\n<p>La actriz\u00a0<strong>Soledad Silveyra tuvo que ser internada en el Sanatorio Otamendi<\/strong>\u00a0en las \u00faltimas horas porque deb\u00eda hacerse una intervenci\u00f3n quir\u00fargica y preocup\u00f3 porque tuvo que abandonar la obra que protagoniza. Luego deber\u00e1 hacer reposo y se ausentar\u00e1 por algunas fechas.<\/p>\n\n\n\n<p>En detalle cont\u00f3 que\u00a0<strong>deb\u00edan sacarle un quiste<\/strong>. \u201cLa verdad que estoy perfecta, ahora me voy a Italia. Estoy bien, estoy muy bien. Me dio pena lo del teatro, pero bueno, qu\u00e9 se le va a hacer\u00bb, expres\u00f3 Solita en\u00a0<em>Teleshow.<\/em><\/p>\n\n\n\n<p>Destac\u00f3 la labor del personal de salud y asegur\u00f3 que se sinti\u00f3 muy c\u00f3moda en los d\u00edas que estuvo internada. \u201cBueno, ya me voy del Otamendi operadita. No les puedo decir porque no queda muy bien decir de qu\u00e9 me operaron, pero ya estoy muy bien\u00bb, sum\u00f3.<\/p>\n\n\n\n<p>Pero, aunque todo parec\u00eda terminar, revel\u00f3 que<strong>&nbsp;le queda una operaci\u00f3n m\u00e1s por hacerse: \u201cMe falta mi rodilla todav\u00eda<\/strong>, mi cabecita un poco, pero ya estoy. Gracias a todos. Gracias Otamendi, como siempre, mi segunda casa\u00bb.<\/p>\n","protected":false},"excerpt":{"rendered":"<p>La artista fue sometida a una operaci\u00f3n y al salir cont\u00f3 los motivos. Adem\u00e1s, adelant\u00f3 que en breve emprender\u00e1 un viaje.<\/p>\n","protected":false},"author":2,"featured_media":65044,"comment_status":"open","ping_status":"open","sticky":false,"template":"","format":"standard","meta":{"om_disable_all_campaigns":false,"_monsterinsights_skip_tracking":false,"_monsterinsights_sitenote_active":false,"_monsterinsights_sitenote_note":"","_monsterinsights_sitenote_category":0,"_uf_show_specific_survey":0,"_uf_disable_surveys":false,"jetpack_post_was_ever_published":false,"_jetpack_newsletter_access":"","_jetpack_dont_email_post_to_subs":false,"_jetpack_newsletter_tier_id":0,"_jetpack_memberships_contains_paywalled_content":false,"_jetpack_memberships_contains_paid_content":false,"footnotes":"","jetpack_publicize_message":"","jetpack_publicize_feature_enabled":true,"jetpack_social_post_already_shared":false,"jetpack_social_options":{"image_generator_settings":{"template":"highway","default_image_id":0,"font":"","enabled":false},"version":2}},"categories":[20],"tags":[960],"class_list":["post-65043","post","type-post","status-publish","format-standard","has-post-thumbnail","hentry","category-especysociales","tag-soledad-silveyra"],"aioseo_notices":[],"views":9,"jetpack_publicize_connections":[],"jetpack_featured_media_url":"https:\/\/i0.wp.com\/elterritorialweb.com.ar\/web\/wp-content\/uploads\/2024\/04\/SOLEDAD-SILVEYRA.jpg?fit=640%2C360&ssl=1","jetpack_sharing_enabled":true,"_links":{"self":[{"href":"https:\/\/elterritorialweb.com.ar\/web\/wp-json\/wp\/v2\/posts\/65043","targetHints":{"allow":["GET"]}}],"collection":[{"href":"https:\/\/elterritorialweb.com.ar\/web\/wp-json\/wp\/v2\/posts"}],"about":[{"href":"https:\/\/elterritorialweb.com.ar\/web\/wp-json\/wp\/v2\/types\/post"}],"author":[{"embeddable":true,"href":"https:\/\/elterritorialweb.com.ar\/web\/wp-json\/wp\/v2\/users\/2"}],"replies":[{"embeddable":true,"href":"https:\/\/elterritorialweb.com.ar\/web\/wp-json\/wp\/v2\/comments?post=65043"}],"version-history":[{"count":1,"href":"https:\/\/elterritorialweb.com.ar\/web\/wp-json\/wp\/v2\/posts\/65043\/revisions"}],"predecessor-version":[{"id":65045,"href":"https:\/\/elterritorialweb.com.ar\/web\/wp-json\/wp\/v2\/posts\/65043\/revisions\/65045"}],"wp:featuredmedia":[{"embeddable":true,"href":"https:\/\/elterritorialweb.com.ar\/web\/wp-json\/wp\/v2\/media\/65044"}],"wp:attachment":[{"href":"https:\/\/elterritorialweb.com.ar\/web\/wp-json\/wp\/v2\/media?parent=65043"}],"wp:term":[{"taxonomy":"category","embeddable":true,"href":"https:\/\/elterritorialweb.com.ar\/web\/wp-json\/wp\/v2\/categories?post=65043"},{"taxonomy":"post_tag","embeddable":true,"href":"https:\/\/elterritorialweb.com.ar\/web\/wp-json\/wp\/v2\/tags?post=65043"}],"curies":[{"name":"wp","href":"https:\/\/api.w.org\/{rel}","templated":true}]}}