{"id":65046,"date":"2024-04-06T21:46:59","date_gmt":"2024-04-06T21:46:59","guid":{"rendered":"http:\/\/elterritorialweb.com.ar\/web\/?p=65046"},"modified":"2024-04-06T21:47:01","modified_gmt":"2024-04-06T21:47:01","slug":"javier-milei-hablo-por-primera-vez-de-su-reeleccion-yo-estoy-aca-por-cuatro-anos-podria-llegar-a-estar-por-ocho","status":"publish","type":"post","link":"https:\/\/elterritorialweb.com.ar\/web\/javier-milei-hablo-por-primera-vez-de-su-reeleccion-yo-estoy-aca-por-cuatro-anos-podria-llegar-a-estar-por-ocho\/","title":{"rendered":"JAVIER MILEI HABL\u00d3 POR PRIMERA VEZ DE SU REELECCI\u00d3N: \u00abYO ESTOY ACA POR CUATRO A\u00d1OS, PODR\u00cdA LLEGAR A ESTAR POR OCHO\u00bb"},"content":{"rendered":"\n<p>Por primera vez desde su asunci\u00f3n, el pasado 10 de diciembre,\u00a0<strong>Javier Milei\u00a0<\/strong>habl\u00f3 en p\u00fablico de\u00a0<strong>la posibilidad de optar a la reelecci\u00f3n en las elecciones presidenciales de 2027.<\/strong><\/p>\n\n\n\n<p>Fue en el marco de la presentaci\u00f3n de la presentaci\u00f3n del&nbsp;<strong>libro \u201cDiez lecciones para salir de la trampa populista\u201d, del periodista Eduardo Feinmann<\/strong>, en&nbsp;<strong>Paraguay<\/strong>. El evento, en el que el presidente particip\u00f3 de manera virtual, cont\u00f3 tambi\u00e9n con la participaci\u00f3n de l\u00edderes de la derecha iberoamericana, como el&nbsp;<strong>venezolano Juan Guaid\u00f3, el expresidente espa\u00f1ol Mariano Rajoy y el presidente de Paraguay, Santiago Pe\u00f1<\/strong>a.<\/p>\n\n\n\n<p><strong>\u201cYo estoy ac\u00e1 por cuatro a\u00f1os, podr\u00eda llegar a estar por ocho a\u00f1os, si la gente lo quisiera. La \u00fanica forma de que no quede atado esto a una sola persona es con un proceso econ\u00f3mico y pol\u00edtico, pero tambi\u00e9n cultural. Recurrentemente saco temas, planteo discusiones, que no se logran entender en primer momento y despu\u00e9s se entiende que estoy hablando de batalla cultural. Si hay alguien comprometido con eso, soy yo\u201d, afirm\u00f3 Milei.<\/strong><\/p>\n\n\n\n<p>Enf\u00e1tico en todas sus intervenciones y con un humor particularmente incandescente,&nbsp;<strong>Milei&nbsp;<\/strong>dialog\u00f3 con&nbsp;<strong>Feinmann&nbsp;<\/strong>sobre lo que ambos denominaron \u201cla maldici\u00f3n del populismo\u201d, y en varios pasajes&nbsp;<strong>se ufan\u00f3 de la velocidad y profundidad del ajuste<\/strong>&nbsp;que su gobierno est\u00e1 llevando a cabo, al que se refiri\u00f3 como<strong>&nbsp;\u201cel m\u00e1s grande de la historia de la humanidad\u201d<\/strong>, afirmando que gracias a este proceso y \u201cArgentina es un strong vibe para la inversi\u00f3n de largo plazo y en infraestructura\u201d.<\/p>\n","protected":false},"excerpt":{"rendered":"<p>El mandatario particip\u00f3 de la presentaci\u00f3n en Paraguay del nuevo libro de Eduardo Feinmann, titulado \u201c10 lecciones para salir de la trama populista\u201d, publicado por Editorial Planeta. All\u00ed dijo que \u201cpodr\u00eda llegar a estar ocho a\u00f1os, si la gente quisiera\u201d. Y se enoj\u00f3 con un periodista que sugiri\u00f3 que su gobierno podr\u00eda terminar mal.<\/p>\n","protected":false},"author":2,"featured_media":65047,"comment_status":"open","ping_status":"open","sticky":false,"template":"","format":"standard","meta":{"om_disable_all_campaigns":false,"_monsterinsights_skip_tracking":false,"_monsterinsights_sitenote_active":false,"_monsterinsights_sitenote_note":"","_monsterinsights_sitenote_category":0,"_uf_show_specific_survey":0,"_uf_disable_surveys":false,"jetpack_post_was_ever_published":false,"_jetpack_newsletter_access":"","_jetpack_dont_email_post_to_subs":false,"_jetpack_newsletter_tier_id":0,"_jetpack_memberships_contains_paywalled_content":false,"_jetpack_memberships_contains_paid_content":false,"footnotes":"","jetpack_publicize_message":"","jetpack_publicize_feature_enabled":true,"jetpack_social_post_already_shared":false,"jetpack_social_options":{"image_generator_settings":{"template":"highway","default_image_id":0,"font":"","enabled":false},"version":2}},"categories":[4,7],"tags":[92,687],"class_list":["post-65046","post","type-post","status-publish","format-standard","has-post-thumbnail","hentry","category-destacadas","category-nacionales","tag-javier-milei","tag-la-libertad-avanza"],"aioseo_notices":[],"views":17,"jetpack_publicize_connections":[],"jetpack_featured_media_url":"https:\/\/i0.wp.com\/elterritorialweb.com.ar\/web\/wp-content\/uploads\/2024\/04\/JAVIER-MILEI-scaled.jpg?fit=2560%2C1707&ssl=1","jetpack_sharing_enabled":true,"_links":{"self":[{"href":"https:\/\/elterritorialweb.com.ar\/web\/wp-json\/wp\/v2\/posts\/65046","targetHints":{"allow":["GET"]}}],"collection":[{"href":"https:\/\/elterritorialweb.com.ar\/web\/wp-json\/wp\/v2\/posts"}],"about":[{"href":"https:\/\/elterritorialweb.com.ar\/web\/wp-json\/wp\/v2\/types\/post"}],"author":[{"embeddable":true,"href":"https:\/\/elterritorialweb.com.ar\/web\/wp-json\/wp\/v2\/users\/2"}],"replies":[{"embeddable":true,"href":"https:\/\/elterritorialweb.com.ar\/web\/wp-json\/wp\/v2\/comments?post=65046"}],"version-history":[{"count":1,"href":"https:\/\/elterritorialweb.com.ar\/web\/wp-json\/wp\/v2\/posts\/65046\/revisions"}],"predecessor-version":[{"id":65048,"href":"https:\/\/elterritorialweb.com.ar\/web\/wp-json\/wp\/v2\/posts\/65046\/revisions\/65048"}],"wp:featuredmedia":[{"embeddable":true,"href":"https:\/\/elterritorialweb.com.ar\/web\/wp-json\/wp\/v2\/media\/65047"}],"wp:attachment":[{"href":"https:\/\/elterritorialweb.com.ar\/web\/wp-json\/wp\/v2\/media?parent=65046"}],"wp:term":[{"taxonomy":"category","embeddable":true,"href":"https:\/\/elterritorialweb.com.ar\/web\/wp-json\/wp\/v2\/categories?post=65046"},{"taxonomy":"post_tag","embeddable":true,"href":"https:\/\/elterritorialweb.com.ar\/web\/wp-json\/wp\/v2\/tags?post=65046"}],"curies":[{"name":"wp","href":"https:\/\/api.w.org\/{rel}","templated":true}]}}