{"id":65049,"date":"2024-04-06T22:07:01","date_gmt":"2024-04-06T22:07:01","guid":{"rendered":"http:\/\/elterritorialweb.com.ar\/web\/?p=65049"},"modified":"2024-04-06T22:07:04","modified_gmt":"2024-04-06T22:07:04","slug":"detienen-en-un-campo-de-roversi-a-nueve-chaquenos-por-abigeato","status":"publish","type":"post","link":"https:\/\/elterritorialweb.com.ar\/web\/detienen-en-un-campo-de-roversi-a-nueve-chaquenos-por-abigeato\/","title":{"rendered":"DETIENEN EN UN CAMPO DE ROVERSI A NUEVE CHAQUE\u00d1OS POR ABIGEATO"},"content":{"rendered":"\n<p>El procedimiento se realiz\u00f3 durante la madrugada de este s\u00e1bado, luego de tomar conocimiento de la presencia de sospechosos que circulaban por los campos de la zona a bordo de varias motocicletas.<br>Despu\u00e9s de tomar nota de los datos aportados por el propietario del campo, se procedi\u00f3 a realizar un recorrido por la zona donde finalmente fueron detenidos los malvivientes que ten\u00edan en su poder tres escopetas, gran cantidad de cartuchos, 3 radios port\u00e1tiles con la frecuencia policial, cuatro cuchillos tipo carnicero, dos machetes, 6 tel\u00e9fonos celulares y 5 motocicletas. Todos estos elementos fueron secuestrados y puestos a disposici\u00f3n de la Justicia.<\/p>\n\n\n\n<figure class=\"wp-block-image size-full\"><a href=\"https:\/\/i0.wp.com\/elterritorialweb.com.ar\/web\/wp-content\/uploads\/2024\/04\/detenidos-abigeato.jpeg\"><img data-recalc-dims=\"1\" decoding=\"async\" width=\"640\" height=\"403\" data-src=\"https:\/\/i0.wp.com\/elterritorialweb.com.ar\/web\/wp-content\/uploads\/2024\/04\/detenidos-abigeato.jpeg?resize=640%2C403\" alt=\"\" class=\"wp-image-65050 lazyload\" data-srcset=\"https:\/\/i0.wp.com\/elterritorialweb.com.ar\/web\/wp-content\/uploads\/2024\/04\/detenidos-abigeato.jpeg?w=905&amp;ssl=1 905w, https:\/\/i0.wp.com\/elterritorialweb.com.ar\/web\/wp-content\/uploads\/2024\/04\/detenidos-abigeato.jpeg?resize=300%2C189&amp;ssl=1 300w, https:\/\/i0.wp.com\/elterritorialweb.com.ar\/web\/wp-content\/uploads\/2024\/04\/detenidos-abigeato.jpeg?resize=768%2C484&amp;ssl=1 768w, https:\/\/i0.wp.com\/elterritorialweb.com.ar\/web\/wp-content\/uploads\/2024\/04\/detenidos-abigeato.jpeg?resize=540%2C340&amp;ssl=1 540w\" data-sizes=\"(max-width: 640px) 100vw, 640px\" src=\"data:image\/svg+xml;base64,PHN2ZyB3aWR0aD0iMSIgaGVpZ2h0PSIxIiB4bWxucz0iaHR0cDovL3d3dy53My5vcmcvMjAwMC9zdmciPjwvc3ZnPg==\" style=\"--smush-placeholder-width: 640px; --smush-placeholder-aspect-ratio: 640\/403;\" \/><\/a><\/figure>\n\n\n\n<p>En tanto, la carne del animal sacrificado clandestinamente fue entregada a su propietario en el lugar<br>Los detenidos son: Ra\u00fal Galv\u00e1n; Fabio An\u00edbal Dom\u00ednguez; Rub\u00e9n Dar\u00edo Dom\u00ednguez; Roberto Paz; Alan Kevin Ar\u00e9valo; Daniel Alberto Cisneros; Miguel Alejandro Toloza y Mario Edgardo Peralta. Adem\u00e1s de un menor de 15 a\u00f1os. Todos con domicilio en localidad de Gancedo provincia del Chaco.<br>En el caso intervino la Dra. Norma Matach, que a primera hora del d\u00eda dispuso que se traslade personal de Criminal\u00edstica al lugar del hecho y proceda a realizar los trabajos de rigor; se realicen las actas de constataci\u00f3n y de aprehensi\u00f3n a los mayores de edad. En tanto, el menor fue entregado a su progenitora o familiar.<\/p>\n","protected":false},"excerpt":{"rendered":"<p>Personal de la Comisar\u00eda 29\u00b0, conjuntamente con efectivos del Dpto. Investigaciones de Quimil\u00ed, llevaron adelante un operativo en un campo ubicado en el localidad de Roversi, departamento Moreno, donde fueron detenidos 9 chaque\u00f1os \u2013uno de ellos menor de edad- quienes fueron sorprendidos en el monte cuando faenaba un vacuno perteneciente a un poblador de la zona.<\/p>\n","protected":false},"author":2,"featured_media":65051,"comment_status":"open","ping_status":"open","sticky":false,"template":"","format":"standard","meta":{"om_disable_all_campaigns":false,"_monsterinsights_skip_tracking":false,"_monsterinsights_sitenote_active":false,"_monsterinsights_sitenote_note":"","_monsterinsights_sitenote_category":0,"_uf_show_specific_survey":0,"_uf_disable_surveys":false,"jetpack_post_was_ever_published":false,"_jetpack_newsletter_access":"","_jetpack_dont_email_post_to_subs":false,"_jetpack_newsletter_tier_id":0,"_jetpack_memberships_contains_paywalled_content":false,"_jetpack_memberships_contains_paid_content":false,"footnotes":"","jetpack_publicize_message":"","jetpack_publicize_feature_enabled":true,"jetpack_social_post_already_shared":false,"jetpack_social_options":{"image_generator_settings":{"template":"highway","default_image_id":0,"font":"","enabled":false},"version":2}},"categories":[4,36],"tags":[],"class_list":["post-65049","post","type-post","status-publish","format-standard","has-post-thumbnail","hentry","category-destacadas","category-policiales"],"aioseo_notices":[],"views":12,"jetpack_publicize_connections":[],"jetpack_featured_media_url":"https:\/\/i0.wp.com\/elterritorialweb.com.ar\/web\/wp-content\/uploads\/2024\/04\/detenidos-abigeato-1.jpeg?fit=1040%2C667&ssl=1","jetpack_sharing_enabled":true,"_links":{"self":[{"href":"https:\/\/elterritorialweb.com.ar\/web\/wp-json\/wp\/v2\/posts\/65049","targetHints":{"allow":["GET"]}}],"collection":[{"href":"https:\/\/elterritorialweb.com.ar\/web\/wp-json\/wp\/v2\/posts"}],"about":[{"href":"https:\/\/elterritorialweb.com.ar\/web\/wp-json\/wp\/v2\/types\/post"}],"author":[{"embeddable":true,"href":"https:\/\/elterritorialweb.com.ar\/web\/wp-json\/wp\/v2\/users\/2"}],"replies":[{"embeddable":true,"href":"https:\/\/elterritorialweb.com.ar\/web\/wp-json\/wp\/v2\/comments?post=65049"}],"version-history":[{"count":1,"href":"https:\/\/elterritorialweb.com.ar\/web\/wp-json\/wp\/v2\/posts\/65049\/revisions"}],"predecessor-version":[{"id":65052,"href":"https:\/\/elterritorialweb.com.ar\/web\/wp-json\/wp\/v2\/posts\/65049\/revisions\/65052"}],"wp:featuredmedia":[{"embeddable":true,"href":"https:\/\/elterritorialweb.com.ar\/web\/wp-json\/wp\/v2\/media\/65051"}],"wp:attachment":[{"href":"https:\/\/elterritorialweb.com.ar\/web\/wp-json\/wp\/v2\/media?parent=65049"}],"wp:term":[{"taxonomy":"category","embeddable":true,"href":"https:\/\/elterritorialweb.com.ar\/web\/wp-json\/wp\/v2\/categories?post=65049"},{"taxonomy":"post_tag","embeddable":true,"href":"https:\/\/elterritorialweb.com.ar\/web\/wp-json\/wp\/v2\/tags?post=65049"}],"curies":[{"name":"wp","href":"https:\/\/api.w.org\/{rel}","templated":true}]}}