{"id":65053,"date":"2024-04-06T23:46:35","date_gmt":"2024-04-06T23:46:35","guid":{"rendered":"http:\/\/elterritorialweb.com.ar\/web\/?p=65053"},"modified":"2024-04-06T23:46:38","modified_gmt":"2024-04-06T23:46:38","slug":"boca-goleo-a-newells-en-rosario","status":"publish","type":"post","link":"https:\/\/elterritorialweb.com.ar\/web\/boca-goleo-a-newells-en-rosario\/","title":{"rendered":"BOCA GOLE\u00d3 A NEWELL\u00b4S EN ROSARIO"},"content":{"rendered":"\n<p><strong>Boca Juniors\u00a0<\/strong>gole\u00f3 3-1 a\u00a0<strong>Newell&#8217;s Old Boys\u00a0<\/strong>en el\u00a0<strong>estadio Coloso Marcelo Bielsa de Rosario<\/strong>\u00a0en el marco de la decimotercera fecha del Grupo B de la\u00a0<strong>Copa de la Liga<\/strong>, en un encuentro que cont\u00f3 con el arbitraje de Facundo Tello.<\/p>\n\n\n\n<p><strong>Cristian Medina<\/strong>&nbsp;marc\u00f3 el \u00fanico tanto del primer tiempo, a los 27 minutos, tras el rebote dado por&nbsp;<strong>Ramiro Macagno&nbsp;<\/strong>a un disparo de Luca Langoni.<\/p>\n\n\n\n<p>En el primer cuarto de juego, el partido fue parejo con el Xeneize proponiendo las condiciones del encuentro pero sin incomodar al arquero Macagno, aunque el local tampoco mostraba sus mejores argumentos.<\/p>\n\n\n\n<p>M\u00e1s tarde,&nbsp;<strong>Langoni<\/strong>&nbsp;tendr\u00eda su oportunidad a los 9 minutos del segundo tiempo, y ampli\u00f3 la diferencia, luego de una serie de rebotes, la pelota le qued\u00f3 al delantero de Boca en el v\u00e9rtice izquierdo del \u00e1rea y defini\u00f3 cruzado.<\/p>\n\n\n\n<p>Por el lado de la Lepra, el descuento vendr\u00eda con<strong>&nbsp;Juli\u00e1n Fern\u00e1ndez,&nbsp;<\/strong>que aprovech\u00f3 que la defensa de Boca qued\u00f3 mal parada y defini\u00f3 con un derechazo cruzado a los 88 minutos.<\/p>\n\n\n\n<figure class=\"wp-block-image size-full is-resized\"><a href=\"https:\/\/i0.wp.com\/elterritorialweb.com.ar\/web\/wp-content\/uploads\/2024\/04\/BOCA-NEWELLS-1.jpg\"><img data-recalc-dims=\"1\" decoding=\"async\" data-src=\"https:\/\/i0.wp.com\/elterritorialweb.com.ar\/web\/wp-content\/uploads\/2024\/04\/BOCA-NEWELLS-1.jpg?resize=640%2C427\" alt=\"\" class=\"wp-image-65054 lazyload\" width=\"640\" height=\"427\" data-srcset=\"https:\/\/i0.wp.com\/elterritorialweb.com.ar\/web\/wp-content\/uploads\/2024\/04\/BOCA-NEWELLS-1.jpg?w=679&amp;ssl=1 679w, https:\/\/i0.wp.com\/elterritorialweb.com.ar\/web\/wp-content\/uploads\/2024\/04\/BOCA-NEWELLS-1.jpg?resize=300%2C200&amp;ssl=1 300w\" data-sizes=\"(max-width: 640px) 100vw, 640px\" src=\"data:image\/svg+xml;base64,PHN2ZyB3aWR0aD0iMSIgaGVpZ2h0PSIxIiB4bWxucz0iaHR0cDovL3d3dy53My5vcmcvMjAwMC9zdmciPjwvc3ZnPg==\" style=\"--smush-placeholder-width: 640px; --smush-placeholder-aspect-ratio: 640\/427;\" \/><\/a><\/figure>\n\n\n\n<p>Pero al Xeneize le quedaba una m\u00e1s. Sobre el final, Fabra condujo la contra y asisti\u00f3 a&nbsp;<strong>Kevin Zen\u00f3n<\/strong>, que defini\u00f3 a la perfecci\u00f3n contra el palo derecho y le quit\u00f3 suspenso al cierre.<\/p>\n\n\n\n<p>Con este resultado, Boca alcanz\u00f3 al tercer puesto con 22 puntos y\u00a0<strong>qued\u00f3 a un paso de los playoffs<\/strong>, pero todav\u00eda le queda el partido ante Godoy Cruz, como local, y los minutos restantes del duelo frente a Estudiantes, como visitante. Por su parte, Newell&#8217;s no pudo asegurar su cupo en la pr\u00f3xima fase.<\/p>\n\n\n\n<p>El \u00abXeneize\u00bb de\u00a0<strong>Diego Mart\u00ednez<\/strong>\u00a0ven\u00eda de empatar\u00a0<strong>0-0 con Nacional de Potos\u00ed<\/strong>, el pasado mi\u00e9rcoles en Bolivia, por la primera fecha del Grupo D de la\u00a0<strong>Copa Sudamericana<\/strong>, con un equipo repleto de suplentes y juveniles.<\/p>\n\n\n\n<p>Para este encuentro ante la \u00abLepra\u00bb, el director t\u00e9cnico planea volver al once que venci\u00f3 a San Lorenzo, pero con dos cambios obligados:&nbsp;<strong>Guillermo Pol Fern\u00e1ndez&nbsp;<\/strong>y&nbsp;<strong>Miguel Merentiel&nbsp;<\/strong>ingresar\u00e1n por los lesionados&nbsp;<strong>Lucas Blondel&nbsp;<\/strong>y&nbsp;<strong>Edinson Cavani<\/strong>. Adem\u00e1s, Mart\u00ednez mantiene la duda de si dejar a&nbsp;<strong>Cristian Lema&nbsp;<\/strong>como central o que&nbsp;<strong>Nicol\u00e1s Figal&nbsp;<\/strong>vuelva a ocupar el puesto.<\/p>\n\n\n\n<p>Por su parte,\u00a0<strong>Newell&#8217;s viene de ganarle 1-0 a Sarmiento de Jun\u00edn<\/strong>, en el estadio Eva Per\u00f3n, por la duod\u00e9cima del Grupo B de la Copa de la Liga.<\/p>\n\n\n\n<figure class=\"wp-block-embed is-type-video is-provider-youtube wp-block-embed-youtube wp-embed-aspect-16-9 wp-has-aspect-ratio\"><div class=\"wp-block-embed__wrapper\">\n<iframe title=\"\u00a1El Xeneize venci\u00f3 a la Lepra en Rosario y qued\u00f3 cerca de clasificar! | #Newells 1-3 #Boca | Resumen\" width=\"640\" height=\"360\" data-src=\"https:\/\/www.youtube.com\/embed\/9ilOd0QrlSw?feature=oembed\" frameborder=\"0\" allow=\"accelerometer; autoplay; clipboard-write; encrypted-media; gyroscope; picture-in-picture; web-share\" referrerpolicy=\"strict-origin-when-cross-origin\" allowfullscreen src=\"data:image\/svg+xml;base64,PHN2ZyB3aWR0aD0iMSIgaGVpZ2h0PSIxIiB4bWxucz0iaHR0cDovL3d3dy53My5vcmcvMjAwMC9zdmciPjwvc3ZnPg==\" class=\"lazyload\" data-load-mode=\"1\"><\/iframe>\n<\/div><\/figure>\n","protected":false},"excerpt":{"rendered":"<p>Cristian Medina, Luca Langoni y Kevin Zen\u00f3n marcaron para el Xeneize y descont\u00f3 Juli\u00e1n Fern\u00e1ndez para la Lepra. El equipo de Diego Mart\u00ednez qued\u00f3 tercero en la zona B.<\/p>\n","protected":false},"author":2,"featured_media":65055,"comment_status":"open","ping_status":"open","sticky":false,"template":"","format":"standard","meta":{"om_disable_all_campaigns":false,"_monsterinsights_skip_tracking":false,"_monsterinsights_sitenote_active":false,"_monsterinsights_sitenote_note":"","_monsterinsights_sitenote_category":0,"_uf_show_specific_survey":0,"_uf_disable_surveys":false,"jetpack_post_was_ever_published":false,"_jetpack_newsletter_access":"","_jetpack_dont_email_post_to_subs":false,"_jetpack_newsletter_tier_id":0,"_jetpack_memberships_contains_paywalled_content":false,"_jetpack_memberships_contains_paid_content":false,"footnotes":"","jetpack_publicize_message":"","jetpack_publicize_feature_enabled":true,"jetpack_social_post_already_shared":false,"jetpack_social_options":{"image_generator_settings":{"template":"highway","default_image_id":0,"font":"","enabled":false},"version":2}},"categories":[6,4],"tags":[103,104],"class_list":["post-65053","post","type-post","status-publish","format-standard","has-post-thumbnail","hentry","category-deportes","category-destacadas","tag-boca-juniors","tag-liga-profesional-de-futbol"],"aioseo_notices":[],"views":9,"jetpack_publicize_connections":[],"jetpack_featured_media_url":"https:\/\/i0.wp.com\/elterritorialweb.com.ar\/web\/wp-content\/uploads\/2024\/04\/BOCA-NEWELLS-scaled.jpg?fit=2560%2C1786&ssl=1","jetpack_sharing_enabled":true,"_links":{"self":[{"href":"https:\/\/elterritorialweb.com.ar\/web\/wp-json\/wp\/v2\/posts\/65053","targetHints":{"allow":["GET"]}}],"collection":[{"href":"https:\/\/elterritorialweb.com.ar\/web\/wp-json\/wp\/v2\/posts"}],"about":[{"href":"https:\/\/elterritorialweb.com.ar\/web\/wp-json\/wp\/v2\/types\/post"}],"author":[{"embeddable":true,"href":"https:\/\/elterritorialweb.com.ar\/web\/wp-json\/wp\/v2\/users\/2"}],"replies":[{"embeddable":true,"href":"https:\/\/elterritorialweb.com.ar\/web\/wp-json\/wp\/v2\/comments?post=65053"}],"version-history":[{"count":1,"href":"https:\/\/elterritorialweb.com.ar\/web\/wp-json\/wp\/v2\/posts\/65053\/revisions"}],"predecessor-version":[{"id":65056,"href":"https:\/\/elterritorialweb.com.ar\/web\/wp-json\/wp\/v2\/posts\/65053\/revisions\/65056"}],"wp:featuredmedia":[{"embeddable":true,"href":"https:\/\/elterritorialweb.com.ar\/web\/wp-json\/wp\/v2\/media\/65055"}],"wp:attachment":[{"href":"https:\/\/elterritorialweb.com.ar\/web\/wp-json\/wp\/v2\/media?parent=65053"}],"wp:term":[{"taxonomy":"category","embeddable":true,"href":"https:\/\/elterritorialweb.com.ar\/web\/wp-json\/wp\/v2\/categories?post=65053"},{"taxonomy":"post_tag","embeddable":true,"href":"https:\/\/elterritorialweb.com.ar\/web\/wp-json\/wp\/v2\/tags?post=65053"}],"curies":[{"name":"wp","href":"https:\/\/api.w.org\/{rel}","templated":true}]}}